{"id":160533,"date":"2023-06-26T17:07:53","date_gmt":"2023-06-26T15:07:53","guid":{"rendered":"https:\/\/www.messinaoggi.it\/website\/2023\/06\/26\/tajani-milano-sede-terza-sezione-tribunale-europeo-dei-brevetti\/"},"modified":"2023-06-26T17:07:53","modified_gmt":"2023-06-26T15:07:53","slug":"tajani-milano-sede-terza-sezione-tribunale-europeo-dei-brevetti","status":"publish","type":"post","link":"https:\/\/www.messinaoggi.it\/website\/2023\/06\/26\/tajani-milano-sede-terza-sezione-tribunale-europeo-dei-brevetti\/","title":{"rendered":"Tajani \u201cMilano sede terza sezione Tribunale europeo dei brevetti\u201d"},"content":{"rendered":"<div>MILANO (ITALPRESS) &#8211; Milano sar\u00e0 la sede della terza sezione del Tribunale europeo dei brevetti (TUB). A darne notizia \u00e8 stato il ministro degli Esteri, Antonio Tajani. &#8220;Il comitato amministrativo del Tub &#8211; ha scritto su Twitter &#8211; ha appena approvato ufficialmente la decisione. Una buona notizia per l&#8217;Italia e un riconoscimento per Milano&#8221;. Apprezzamento per il prestigioso riconoscimento \u00e8 stato espresso anche dal presidente della Regione Lombardia, Attilio Fontana: &#8220;Un risultato molto importante per Milano e l&#8217;intera Lombardia, frutto del lavoro di tutti gli attori che hanno partecipato alle trattative&#8221;, che poi ha sottolineato &#8220;il ruolo decisivo assunto dal nuovo Governo che, con un&#8217;energia e un&#8217;accelerata certamente pi\u00f9 forte di quanto avvenuto in precedenza, ha creduto in questo progetto e si \u00e8 impegnato per raggiungere questo traguardo. Ora &#8211; ha proseguito Fontana &#8211; siamo in attesa di conoscere quali competenze verranno attribuite alla Lombardia che, giova sempre ricordarlo, \u00e8 la regione dove si depositano il maggior numero di brevetti e la ricerca si sposa con innovazione e industria&#8221;. Sulla stessa falsariga il commento del sindaco del capoluogo meneghino, Beppe Sala, che si \u00e8 detto &#8220;felice&#8221; per essere stata selezionata come &#8220;sede della terza sezione del Tribunale Europeo dei Brevetti. E&#8217; il risultato di un grande lavoro congiunto, che ci ha sempre visto in prima linea. Al lavoro per dimostrare la validit\u00e0 della scelta e per ampliare con il Governo le deleghe che ci sono state assegnate&#8221;. &#8220;Si tratta di un&#8217;assegnazione che oltre al prestigio porter\u00e0 grandi benefici sotto il profilo economico e di giurisdizione &#8211; ha evidenziato infine il ministro della Giustizia, Carlo Nordio -. Milano era ed \u00e8 la capitale economico-finanziaria del nostro Paese ed \u00e8 quindi il posto pi\u00f9 indicato per ospitare la terza sede del Tub&#8221;, ha concluso il guardasigilli.<br \/>\n(ITALPRESS).<br \/>\n-foto agenziafotogramma.it-<\/div>\n<div id=\"div-gpt-ad-Messinaoggi.it-DSK-300x250-corpoart\" style=\"text-align:center;margin:0 auto;\"><\/div><\/p><div id=\"videoincontent\" style=\"clear:both\";><\/div>","protected":false},"excerpt":{"rendered":"<p>MILANO (ITALPRESS) &#8211; Milano sar\u00e0 la sede della terza sezione del Tribunale europeo dei brevetti (TUB). A darne notizia \u00e8 stato il ministro degli Esteri, Antonio Tajani. &#8220;Il comitato amministrativo del Tub &#8211; ha scritto su Twitter &#8211; ha appena approvato ufficialmente la decisione. Una buona notizia per l&#8217;Italia e un riconoscimento per Milano&#8221;. Apprezzamento [&hellip;]<\/p>\n","protected":false},"author":18,"featured_media":160534,"comment_status":"closed","ping_status":"closed","sticky":false,"template":"","format":"standard","meta":{"ub_ctt_via":"","_mi_skip_tracking":false},"categories":[446],"tags":[783],"featured_image_src":"https:\/\/www.messinaoggi.it\/website\/wp-content\/uploads\/2023\/06\/20230626_0969.jpg","author_info":{"display_name":"Admin","author_link":"https:\/\/www.messinaoggi.it\/website\/author\/admin\/"},"digistream_id":0,"digistream":false,"_links":{"self":[{"href":"https:\/\/www.messinaoggi.it\/website\/wp-json\/wp\/v2\/posts\/160533"}],"collection":[{"href":"https:\/\/www.messinaoggi.it\/website\/wp-json\/wp\/v2\/posts"}],"about":[{"href":"https:\/\/www.messinaoggi.it\/website\/wp-json\/wp\/v2\/types\/post"}],"author":[{"embeddable":true,"href":"https:\/\/www.messinaoggi.it\/website\/wp-json\/wp\/v2\/users\/18"}],"replies":[{"embeddable":true,"href":"https:\/\/www.messinaoggi.it\/website\/wp-json\/wp\/v2\/comments?post=160533"}],"version-history":[{"count":0,"href":"https:\/\/www.messinaoggi.it\/website\/wp-json\/wp\/v2\/posts\/160533\/revisions"}],"wp:featuredmedia":[{"embeddable":true,"href":"https:\/\/www.messinaoggi.it\/website\/wp-json\/wp\/v2\/media\/160534"}],"wp:attachment":[{"href":"https:\/\/www.messinaoggi.it\/website\/wp-json\/wp\/v2\/media?parent=160533"}],"wp:term":[{"taxonomy":"category","embeddable":true,"href":"https:\/\/www.messinaoggi.it\/website\/wp-json\/wp\/v2\/categories?post=160533"},{"taxonomy":"post_tag","embeddable":true,"href":"https:\/\/www.messinaoggi.it\/website\/wp-json\/wp\/v2\/tags?post=160533"}],"curies":[{"name":"wp","href":"https:\/\/api.w.org\/{rel}","templated":true}]}}