{"id":160457,"date":"2023-06-26T09:07:55","date_gmt":"2023-06-26T07:07:55","guid":{"rendered":"https:\/\/www.messinaoggi.it\/website\/2023\/06\/26\/crosetto-italia-resta-con-ucraina-ogni-sforzo-per-la-diplomazia\/"},"modified":"2023-06-26T09:07:55","modified_gmt":"2023-06-26T07:07:55","slug":"crosetto-italia-resta-con-ucraina-ogni-sforzo-per-la-diplomazia","status":"publish","type":"post","link":"https:\/\/www.messinaoggi.it\/website\/2023\/06\/26\/crosetto-italia-resta-con-ucraina-ogni-sforzo-per-la-diplomazia\/","title":{"rendered":"Crosetto \u201cItalia resta con Ucraina, ogni sforzo per la diplomazia\u201d"},"content":{"rendered":"<div>ROMA (ITALPRESS) &#8211; La tentata marcia su Mosca della Wagner, con ritirata, che ha tenuto con il fiato sospeso il mondo non \u00e8 finita nel nulla: \u00abE&#8217; il sismografo di una guerra interna, di lotte intestine, di un establishment in ebollizione che si ritaglia spazi di potere anche personale\u00bb. Lo dice, in una intervista al Corriere della Sera, il ministro della Difesa Guido Crosetto. \u00abSta andando avanti uno scontro tra milizie private, cresciute nel tempo, e le forze armate pubbliche. E&#8217; difficile per tutti prevederne gli esiti e capirne le logiche profonde, ma una cosa \u00e8 certa: gli eventi hanno messo in luce una debolezza cronica della Russia\u00bb.<br \/>\u00abA noi deve interessare quali saranno le conseguenze su di noi e sull&#8217;Ucraina. Chiaro che la mediazione \u00e8 dello stesso Putin, attraverso Lukashenko, ma anche se la sua immagine \u00e8 scalfita mi chiedo: una bestia ferita \u00e8 pi\u00f9 mansueta o pi\u00f9 pericolosa perch\u00e8 pronta a reazioni scomposte? Perch\u00e8 la guerra, anche nelle ultime difficili ore, non si \u00e8 mai fermata. Quindi, ancor pi\u00f9 oggi di ieri, all&#8217;Ucraina serve il nostro aiuto, ma serve anche il massimo sforzo da parte di tutti per una soluzione diplomatica\u00bb.<br \/>-foto agenziafotogramma.it-<br \/>(ITALPRESS).<\/div>\n<div id=\"div-gpt-ad-Messinaoggi.it-DSK-300x250-corpoart\" style=\"text-align:center;margin:0 auto;\"><\/div><\/p><div id=\"videoincontent\" style=\"clear:both\";><\/div>","protected":false},"excerpt":{"rendered":"<p>ROMA (ITALPRESS) &#8211; La tentata marcia su Mosca della Wagner, con ritirata, che ha tenuto con il fiato sospeso il mondo non \u00e8 finita nel nulla: \u00abE&#8217; il sismografo di una guerra interna, di lotte intestine, di un establishment in ebollizione che si ritaglia spazi di potere anche personale\u00bb. Lo dice, in una intervista al [&hellip;]<\/p>\n","protected":false},"author":18,"featured_media":0,"comment_status":"closed","ping_status":"closed","sticky":false,"template":"","format":"standard","meta":{"ub_ctt_via":"","_mi_skip_tracking":false},"categories":[446],"tags":[783],"featured_image_src":null,"author_info":{"display_name":"Admin","author_link":"https:\/\/www.messinaoggi.it\/website\/author\/admin\/"},"digistream_id":0,"digistream":false,"_links":{"self":[{"href":"https:\/\/www.messinaoggi.it\/website\/wp-json\/wp\/v2\/posts\/160457"}],"collection":[{"href":"https:\/\/www.messinaoggi.it\/website\/wp-json\/wp\/v2\/posts"}],"about":[{"href":"https:\/\/www.messinaoggi.it\/website\/wp-json\/wp\/v2\/types\/post"}],"author":[{"embeddable":true,"href":"https:\/\/www.messinaoggi.it\/website\/wp-json\/wp\/v2\/users\/18"}],"replies":[{"embeddable":true,"href":"https:\/\/www.messinaoggi.it\/website\/wp-json\/wp\/v2\/comments?post=160457"}],"version-history":[{"count":0,"href":"https:\/\/www.messinaoggi.it\/website\/wp-json\/wp\/v2\/posts\/160457\/revisions"}],"wp:attachment":[{"href":"https:\/\/www.messinaoggi.it\/website\/wp-json\/wp\/v2\/media?parent=160457"}],"wp:term":[{"taxonomy":"category","embeddable":true,"href":"https:\/\/www.messinaoggi.it\/website\/wp-json\/wp\/v2\/categories?post=160457"},{"taxonomy":"post_tag","embeddable":true,"href":"https:\/\/www.messinaoggi.it\/website\/wp-json\/wp\/v2\/tags?post=160457"}],"curies":[{"name":"wp","href":"https:\/\/api.w.org\/{rel}","templated":true}]}}