{"id":160452,"date":"2023-06-25T20:07:52","date_gmt":"2023-06-25T18:07:52","guid":{"rendered":"https:\/\/www.messinaoggi.it\/website\/2023\/06\/25\/under-21-batte-la-svizzera-e-resta-in-corsa-agli-europei\/"},"modified":"2023-06-25T20:07:52","modified_gmt":"2023-06-25T18:07:52","slug":"under-21-batte-la-svizzera-e-resta-in-corsa-agli-europei","status":"publish","type":"post","link":"https:\/\/www.messinaoggi.it\/website\/2023\/06\/25\/under-21-batte-la-svizzera-e-resta-in-corsa-agli-europei\/","title":{"rendered":"Under 21 batte la Svizzera e resta in corsa agli Europei"},"content":{"rendered":"<div>CLUJ-NAPOCA (ROMANIA) (ITALPRESS) &#8211; L&#8217;Italia batte la Svizzera 3-2 nella seconda giornata degli Europei Under 21 e torna in corsa per la qualificazione ai quarti di finale. La squadra di Nicolato si affida ad un gran primo tempo con le reti di Pirola, Gnonto e Parisi per resistere al tentativo di rimonta degli elvetici nella ripresa. L&#8217;Italia sale cos\u00ec a quota tre punti in classifica, come la Svizzera, in attesa del match di mercoled\u00ec con la Norvegia. Dopo la sconfitta all&#8217;esordio con la Francia e le polemiche per gli errori arbitrali, il ct azzurro aveva chiesto di trasformare la rabbia in energia positiva. E cos\u00ec \u00e8 stato, almeno per un tempo. Dopo quindici minuti l&#8217;Italia \u00e8 avanti 2-0, ma \u00e8 un risultato che sta persino stretto a Tonali e compagni. Al 6&#8242; sugli sviluppi di un calcio d&#8217;angolo, Pirola svetta di testa e batte Saipi. Cinque minuti dopo Bellanova sfonda sulla destra e premia in area Gnonto: il portiere para il colpo di testa, ma n\u00e8 lui n\u00e8 Burch possono bloccare il tap in vincente dell&#8217;attaccante. Il classe 2003 del Leeds sfiora il 3-0 al 14&#8242; con un gran mancino a giro, ma stavolta Saipi si allunga e devia in angolo. E al 22&#8242; il portiere \u00e8 ancora decisivo sul calcio di punizione deviato di Tonali. Superata la bufera, la Svizzera sfiora il gol al 27&#8242; con Rieder che si presenta davanti a Carnesecchi, ma il portiere in uscita mura il talento degli Young Boys. Nel recupero del primo tempo, c&#8217;\u00e8 spazio per il 3-0: su cross dalla destra, Parisi sfrutta un disimpegno errato di Blum e da due passi mette in rete. L&#8217;inizio del secondo tempo per\u00f2 \u00e8 da dimenticare. Al 47&#8242; Imeri riapre il match con un gran destro dalla distanza, al 52&#8242; Amdouni penetra in area e batte Carnesecchi. Al 66&#8242; Bellanova spreca la palla del poker, mentre la Svizzera (dopo le proteste per un contatto tra Bove e Imeri in area) non sfrutta la chance del pari con Males lanciato a rete. E&#8217; l&#8217;ultima occasione del match. Mercoled\u00ec alle 20:45 gli azzurrini sfideranno la Norvegia.<br \/>&#8211; foto LivePhotoSport &#8211; <br \/>(ITALPRESS).<\/div>\n<div id=\"div-gpt-ad-Messinaoggi.it-DSK-300x250-corpoart\" style=\"text-align:center;margin:0 auto;\"><\/div><\/p><div id=\"videoincontent\" style=\"clear:both\";><\/div>","protected":false},"excerpt":{"rendered":"<p>CLUJ-NAPOCA (ROMANIA) (ITALPRESS) &#8211; L&#8217;Italia batte la Svizzera 3-2 nella seconda giornata degli Europei Under 21 e torna in corsa per la qualificazione ai quarti di finale. La squadra di Nicolato si affida ad un gran primo tempo con le reti di Pirola, Gnonto e Parisi per resistere al tentativo di rimonta degli elvetici nella [&hellip;]<\/p>\n","protected":false},"author":18,"featured_media":0,"comment_status":"closed","ping_status":"closed","sticky":false,"template":"","format":"standard","meta":{"ub_ctt_via":"","_mi_skip_tracking":false},"categories":[446],"tags":[783],"featured_image_src":null,"author_info":{"display_name":"Admin","author_link":"https:\/\/www.messinaoggi.it\/website\/author\/admin\/"},"digistream_id":0,"digistream":false,"_links":{"self":[{"href":"https:\/\/www.messinaoggi.it\/website\/wp-json\/wp\/v2\/posts\/160452"}],"collection":[{"href":"https:\/\/www.messinaoggi.it\/website\/wp-json\/wp\/v2\/posts"}],"about":[{"href":"https:\/\/www.messinaoggi.it\/website\/wp-json\/wp\/v2\/types\/post"}],"author":[{"embeddable":true,"href":"https:\/\/www.messinaoggi.it\/website\/wp-json\/wp\/v2\/users\/18"}],"replies":[{"embeddable":true,"href":"https:\/\/www.messinaoggi.it\/website\/wp-json\/wp\/v2\/comments?post=160452"}],"version-history":[{"count":0,"href":"https:\/\/www.messinaoggi.it\/website\/wp-json\/wp\/v2\/posts\/160452\/revisions"}],"wp:attachment":[{"href":"https:\/\/www.messinaoggi.it\/website\/wp-json\/wp\/v2\/media?parent=160452"}],"wp:term":[{"taxonomy":"category","embeddable":true,"href":"https:\/\/www.messinaoggi.it\/website\/wp-json\/wp\/v2\/categories?post=160452"},{"taxonomy":"post_tag","embeddable":true,"href":"https:\/\/www.messinaoggi.it\/website\/wp-json\/wp\/v2\/tags?post=160452"}],"curies":[{"name":"wp","href":"https:\/\/api.w.org\/{rel}","templated":true}]}}