{"id":160248,"date":"2023-06-23T10:45:22","date_gmt":"2023-06-23T08:45:22","guid":{"rendered":"http:\/\/www.messinaoggi.it\/website\/?p=160248"},"modified":"2023-06-23T10:49:26","modified_gmt":"2023-06-23T08:49:26","slug":"160248","status":"publish","type":"post","link":"https:\/\/www.messinaoggi.it\/website\/2023\/06\/23\/160248\/","title":{"rendered":"Dario Carbone: &#8220;Privato della parola e buttato fuori&#8221;"},"content":{"rendered":"\n<p>Il Consigliere di Fratelli d\u2019Italia <strong>Dario Carbone<\/strong> contesta l\u2019atteggiamento &#8220;inutilmente da duro\u201d del Presidente del Consiglio Comunale <strong>Nello Pergolizzi<\/strong> che lo ha &#8220;prima privato della parola e successivamente immotivatamente buttato fuori dall\u2019Aula Consiliare durante la seduta di Consiglio Comunale&#8221;, dice in una nota.<div id=\"div-gpt-ad-Messinaoggi.it-DSK-300x250-corpoart\" style=\"text-align:center;margin:0 auto;\"><\/div><\/p>\n\n\n\n<p>\u201c\u00c8 incredibile quanto \u00e8 avvenuto pochi minuti fa in Consiglio Comunale a Messina. Ho tentato di presentare una questione pregiudiziale espressamente prevista dall\u2019art. 27 del Regolamento del Consiglio Comunale e ci\u00f2 mi \u00e8 stato impedito.<br>Prima infatti sono stato zittito senza alcun motivo reale dal Presidente Pergolizzi il quale, dinanzi alle mie legittime rimostranze, mi ha rapidamente buttato fuori dall\u2019Aula Consiliare\u201d ha dichiarato il Consigliere Carbone.<div id=\"videoincontent\" style=\"clear:both\";><\/div><\/p>\n\n\n\n<p>\u201cMi chiedo se tutto ci\u00f2 sia<br>forse avvenuto perch\u00e9 la suddetta questione se posta in votazione avrebbe dimostrato le difficolt\u00e0 numeriche dell\u2019Amministrazione Comunale e portato ad un rinvio motivato della delibera all\u2019ordine del giorno. Purtroppo \u00e8 evidente che sono ancora forti gli strascichi delle elezioni alla presidenza del Consiglio comunale, nella quale l\u2019attuale presidente Pergolizzi individua giustamente in me uno degli oppositori pi\u00f9 impegnati \u201d continua il Consigliere di Fratelli d\u2019Italia.<\/p>\n\n\n\n<p>\u201cRingrazio tutti i colleghi che in segno di solidariet\u00e0 e contestando l\u2019atteggiamento del Presidente Pergolizzi hanno abbandonato l\u2019aula.<br>Nonostante la mia giovane et\u00e0 vivo la politica in maniera appassionata ormai da tanti anni e, da consigliere di opposizione in linea con il partito Fratelli d\u2019Italia che orgogliosamente rappresento, non saranno certamente strumentali prese di posizione da parte di chi pensa di poter gestire l\u2019aula per agevolare la maggioranza che lo ha eletto a limitare la mia attivit\u00e0 consiliare.\u201d conclude il Consigliere Dario Carbone.<\/p>\n","protected":false},"excerpt":{"rendered":"<p>Il Consigliere di Fratelli d\u2019Italia Dario Carbone contesta l\u2019atteggiamento &#8220;inutilmente da duro\u201d del Presidente del Consiglio Comunale Nello Pergolizzi che lo ha &#8220;prima privato della parola e successivamente immotivatamente buttato fuori dall\u2019Aula Consiliare durante la seduta di Consiglio Comunale&#8221;, dice in una nota. \u201c\u00c8 incredibile quanto \u00e8 avvenuto pochi minuti fa in Consiglio Comunale a [&hellip;]<\/p>\n","protected":false},"author":15,"featured_media":129214,"comment_status":"open","ping_status":"open","sticky":false,"template":"","format":"standard","meta":{"ub_ctt_via":"","_mi_skip_tracking":false},"categories":[4],"tags":[46,3756,1526,2239],"featured_image_src":"https:\/\/www.messinaoggi.it\/website\/wp-content\/uploads\/2022\/11\/dario-carbone.jpeg","author_info":{"display_name":"red.me","author_link":"https:\/\/www.messinaoggi.it\/website\/author\/red-me\/"},"digistream_id":0,"digistream":false,"_links":{"self":[{"href":"https:\/\/www.messinaoggi.it\/website\/wp-json\/wp\/v2\/posts\/160248"}],"collection":[{"href":"https:\/\/www.messinaoggi.it\/website\/wp-json\/wp\/v2\/posts"}],"about":[{"href":"https:\/\/www.messinaoggi.it\/website\/wp-json\/wp\/v2\/types\/post"}],"author":[{"embeddable":true,"href":"https:\/\/www.messinaoggi.it\/website\/wp-json\/wp\/v2\/users\/15"}],"replies":[{"embeddable":true,"href":"https:\/\/www.messinaoggi.it\/website\/wp-json\/wp\/v2\/comments?post=160248"}],"version-history":[{"count":3,"href":"https:\/\/www.messinaoggi.it\/website\/wp-json\/wp\/v2\/posts\/160248\/revisions"}],"predecessor-version":[{"id":160251,"href":"https:\/\/www.messinaoggi.it\/website\/wp-json\/wp\/v2\/posts\/160248\/revisions\/160251"}],"wp:featuredmedia":[{"embeddable":true,"href":"https:\/\/www.messinaoggi.it\/website\/wp-json\/wp\/v2\/media\/129214"}],"wp:attachment":[{"href":"https:\/\/www.messinaoggi.it\/website\/wp-json\/wp\/v2\/media?parent=160248"}],"wp:term":[{"taxonomy":"category","embeddable":true,"href":"https:\/\/www.messinaoggi.it\/website\/wp-json\/wp\/v2\/categories?post=160248"},{"taxonomy":"post_tag","embeddable":true,"href":"https:\/\/www.messinaoggi.it\/website\/wp-json\/wp\/v2\/tags?post=160248"}],"curies":[{"name":"wp","href":"https:\/\/api.w.org\/{rel}","templated":true}]}}