{"id":160161,"date":"2023-06-22T12:07:52","date_gmt":"2023-06-22T10:07:52","guid":{"rendered":"https:\/\/www.messinaoggi.it\/website\/2023\/06\/22\/meloni-dovere-di-tutti-difendere-la-liberta-religiosa\/"},"modified":"2023-06-22T14:52:14","modified_gmt":"2023-06-22T12:52:14","slug":"meloni-dovere-di-tutti-difendere-la-liberta-religiosa","status":"publish","type":"post","link":"https:\/\/www.messinaoggi.it\/website\/2023\/06\/22\/meloni-dovere-di-tutti-difendere-la-liberta-religiosa\/","title":{"rendered":"Meloni \u201cDovere di tutti difendere la libert\u00e0 religiosa\u201d"},"content":{"rendered":"<div>ROMA (ITALPRESS) &#8211; &#8220;E&#8217; dovere di tutti difendere la libert\u00e0 religiosa, ma per portare avanti questo impegno \u00e8 necessario conoscere dati e numeri, capire in profondit\u00e0 lo scenario nel quale muoversi, avere negli occhi e nel cuore le storie di chi subisce soprusi, persecuzioni e violenze&#8221;. Cos\u00ec il premier Giorgia Meloni in un videomessaggio per la presentazione della XVI edizione del Rapporto sulla libert\u00e0 religiosa nel mondo della Fondazione pontificia Aiuto alla Chiesa che Soffre.<br \/>&#8220;La libert\u00e0 religiosa non \u00e8 un diritto di serie B, non \u00e8 una libert\u00e0 che viene dopo altre o che pu\u00f2 essere addirittura dimenticata a beneficio di sedicenti nuove libert\u00e0 o diritti&#8221;, ha aggiunto.  &#8220;La libert\u00e0 religiosa \u00e8 un diritto naturale e precede ogni formulazione giuridica, perch\u00e8 \u00e8 scritto nel cuore dell&#8217;uomo. E&#8217; un diritto proclamato dalla Dichiarazione universale dei diritti umani ma, purtroppo, viene ancora oggi calpestato in troppe Nazioni del mondo. E troppo spesso nella quasi totale indifferenza. Accade cos\u00ec che tantissimi uomini, donne e bambini non solo debbano subire il dolore di vedersi negato il diritto di professare la propria fede, ma anche l&#8217;umiliazione dell&#8217;oblio. E questo \u00e8 doppiamente inaccettabile, perch\u00e8 tacere sulla negazione della libert\u00e0 religiosa equivale ad esserne complici&#8221;, ha concluso. <br \/>(ITALPRESS).<br \/>-foto Palazzo Chigi-<\/div>\n<div id=\"div-gpt-ad-Messinaoggi.it-DSK-300x250-corpoart\" style=\"text-align:center;margin:0 auto;\"><\/div><\/p><div id=\"videoincontent\" style=\"clear:both\";><\/div>","protected":false},"excerpt":{"rendered":"<p>ROMA (ITALPRESS) &#8211; &#8220;E&#8217; dovere di tutti difendere la libert\u00e0 religiosa, ma per portare avanti questo impegno \u00e8 necessario conoscere dati e numeri, capire in profondit\u00e0 lo scenario nel quale muoversi, avere negli occhi e nel cuore le storie di chi subisce soprusi, persecuzioni e violenze&#8221;. Cos\u00ec il premier Giorgia Meloni in un videomessaggio per [&hellip;]<\/p>\n","protected":false},"author":18,"featured_media":160162,"comment_status":"closed","ping_status":"closed","sticky":false,"template":"","format":"standard","meta":{"ub_ctt_via":"","_mi_skip_tracking":false},"categories":[446,6],"tags":[783],"featured_image_src":"https:\/\/www.messinaoggi.it\/website\/wp-content\/uploads\/2023\/06\/20230622_0267.jpg","author_info":{"display_name":"Admin","author_link":"https:\/\/www.messinaoggi.it\/website\/author\/admin\/"},"digistream_id":0,"digistream":false,"_links":{"self":[{"href":"https:\/\/www.messinaoggi.it\/website\/wp-json\/wp\/v2\/posts\/160161"}],"collection":[{"href":"https:\/\/www.messinaoggi.it\/website\/wp-json\/wp\/v2\/posts"}],"about":[{"href":"https:\/\/www.messinaoggi.it\/website\/wp-json\/wp\/v2\/types\/post"}],"author":[{"embeddable":true,"href":"https:\/\/www.messinaoggi.it\/website\/wp-json\/wp\/v2\/users\/18"}],"replies":[{"embeddable":true,"href":"https:\/\/www.messinaoggi.it\/website\/wp-json\/wp\/v2\/comments?post=160161"}],"version-history":[{"count":1,"href":"https:\/\/www.messinaoggi.it\/website\/wp-json\/wp\/v2\/posts\/160161\/revisions"}],"predecessor-version":[{"id":160173,"href":"https:\/\/www.messinaoggi.it\/website\/wp-json\/wp\/v2\/posts\/160161\/revisions\/160173"}],"wp:featuredmedia":[{"embeddable":true,"href":"https:\/\/www.messinaoggi.it\/website\/wp-json\/wp\/v2\/media\/160162"}],"wp:attachment":[{"href":"https:\/\/www.messinaoggi.it\/website\/wp-json\/wp\/v2\/media?parent=160161"}],"wp:term":[{"taxonomy":"category","embeddable":true,"href":"https:\/\/www.messinaoggi.it\/website\/wp-json\/wp\/v2\/categories?post=160161"},{"taxonomy":"post_tag","embeddable":true,"href":"https:\/\/www.messinaoggi.it\/website\/wp-json\/wp\/v2\/tags?post=160161"}],"curies":[{"name":"wp","href":"https:\/\/api.w.org\/{rel}","templated":true}]}}