{"id":160148,"date":"2023-06-22T10:54:40","date_gmt":"2023-06-22T08:54:40","guid":{"rendered":"http:\/\/www.messinaoggi.it\/website\/?p=160148"},"modified":"2023-06-22T10:54:41","modified_gmt":"2023-06-22T08:54:41","slug":"incendio-baracche-camaro-sottomontagna-parla-gioveni","status":"publish","type":"post","link":"https:\/\/www.messinaoggi.it\/website\/2023\/06\/22\/incendio-baracche-camaro-sottomontagna-parla-gioveni\/","title":{"rendered":"Incendio baracche Camaro Sottomontagna, parla Gioveni"},"content":{"rendered":"\n<p>&#8220;Paura ieri sera a Camaro S. Paolo per un incendio divampato nell&#8217;unica striscia rimasta della baraccopoli vuota di Camaro Sottomontagna!\u00a0Il sottoscritto, consigliere comunale Libero Gioveni, capogruppo di Fratelli d&#8217;Italia, ha raccolto le legittime lamentele dei residenti di via Giuseppe Orecchio, dove insistono questi ultimi tuguri che incredibilmente sono stati dimenticati nell&#8217;ultimo appalto per lo sbaraccamento.\u00a0Ho gi\u00e0 allertato il sub Commissario al Risanamento Marcello Scurria &#8211; dichiara Gioveni &#8211; a cui dico grazie per essersi attivato nelle scorse settimane ad inserire questa parte di baracche rimaste in un nuovo appalto per la demolizione, tant&#8217;\u00e8 che l&#8217;area \u00e8 gi\u00e0 stata recintata nei giorni scorsi.\u00a0\u00c8 ovvio che l&#8217;episodio di ieri &#8211; prosegue preoccupato il consigliere &#8211; mi spinge a sollecitare i previsti interventi di sbaraccamento perch\u00e9 la paura fra residenti \u00e8 stata davvero tanta!\u00a0Sono certo, quindi &#8211; conclude Gioveni &#8211; che il sub Commissario si attiver\u00e0 presto per la definizione di tutte le procedure tecniche ed amministrative che possano chiudere finalmente questa ennesima brutta pagina di mancato Risanamento&#8221;.<div id=\"div-gpt-ad-Messinaoggi.it-DSK-300x250-corpoart\" style=\"text-align:center;margin:0 auto;\"><\/div><\/p>\n\n\n\n<p>A dirlo il consigliere comunale <strong>Libero Gioveni. <\/strong><div id=\"videoincontent\" style=\"clear:both\";><\/div><\/p>\n","protected":false},"excerpt":{"rendered":"<p>&#8220;Paura ieri sera a Camaro S. Paolo per un incendio divampato nell&#8217;unica striscia rimasta della baraccopoli vuota di Camaro Sottomontagna!\u00a0Il sottoscritto, consigliere comunale Libero Gioveni, capogruppo di Fratelli d&#8217;Italia, ha raccolto le legittime lamentele dei residenti di via Giuseppe Orecchio, dove insistono questi ultimi tuguri che incredibilmente sono stati dimenticati nell&#8217;ultimo appalto per lo sbaraccamento.\u00a0Ho [&hellip;]<\/p>\n","protected":false},"author":15,"featured_media":28677,"comment_status":"open","ping_status":"open","sticky":false,"template":"","format":"standard","meta":{"ub_ctt_via":"","_mi_skip_tracking":false},"categories":[5],"tags":[897,1266,2759,80,740],"featured_image_src":"https:\/\/www.messinaoggi.it\/website\/wp-content\/uploads\/2019\/01\/Libero-Gioveni.jpg","author_info":{"display_name":"red.me","author_link":"https:\/\/www.messinaoggi.it\/website\/author\/red-me\/"},"digistream_id":0,"digistream":false,"_links":{"self":[{"href":"https:\/\/www.messinaoggi.it\/website\/wp-json\/wp\/v2\/posts\/160148"}],"collection":[{"href":"https:\/\/www.messinaoggi.it\/website\/wp-json\/wp\/v2\/posts"}],"about":[{"href":"https:\/\/www.messinaoggi.it\/website\/wp-json\/wp\/v2\/types\/post"}],"author":[{"embeddable":true,"href":"https:\/\/www.messinaoggi.it\/website\/wp-json\/wp\/v2\/users\/15"}],"replies":[{"embeddable":true,"href":"https:\/\/www.messinaoggi.it\/website\/wp-json\/wp\/v2\/comments?post=160148"}],"version-history":[{"count":1,"href":"https:\/\/www.messinaoggi.it\/website\/wp-json\/wp\/v2\/posts\/160148\/revisions"}],"predecessor-version":[{"id":160149,"href":"https:\/\/www.messinaoggi.it\/website\/wp-json\/wp\/v2\/posts\/160148\/revisions\/160149"}],"wp:featuredmedia":[{"embeddable":true,"href":"https:\/\/www.messinaoggi.it\/website\/wp-json\/wp\/v2\/media\/28677"}],"wp:attachment":[{"href":"https:\/\/www.messinaoggi.it\/website\/wp-json\/wp\/v2\/media?parent=160148"}],"wp:term":[{"taxonomy":"category","embeddable":true,"href":"https:\/\/www.messinaoggi.it\/website\/wp-json\/wp\/v2\/categories?post=160148"},{"taxonomy":"post_tag","embeddable":true,"href":"https:\/\/www.messinaoggi.it\/website\/wp-json\/wp\/v2\/tags?post=160148"}],"curies":[{"name":"wp","href":"https:\/\/api.w.org\/{rel}","templated":true}]}}