{"id":159937,"date":"2023-06-20T18:29:22","date_gmt":"2023-06-20T16:29:22","guid":{"rendered":"http:\/\/www.messinaoggi.it\/website\/?p=159937"},"modified":"2023-06-20T18:29:23","modified_gmt":"2023-06-20T16:29:23","slug":"sequestro-navi-eolie-caronte-si-scusa-e-chiarisce","status":"publish","type":"post","link":"https:\/\/www.messinaoggi.it\/website\/2023\/06\/20\/sequestro-navi-eolie-caronte-si-scusa-e-chiarisce\/","title":{"rendered":"Sequestro navi Eolie, Caronte si scusa e chiarisce"},"content":{"rendered":"\n<p>\u201cCi scusiamo con i nostri clienti per il disagio che si sta involontariamente loro arrecando. Stiamo gi\u00e0 adoperandoci al meglio per attenuarlo attraverso corse straordinarie e sostituzioni delle navi sottoposte al fermo dall\u2019autorit\u00e0 giudiziaria\u201d. <div id=\"div-gpt-ad-Messinaoggi.it-DSK-300x250-corpoart\" style=\"text-align:center;margin:0 auto;\"><\/div><\/p>\n\n\n\n<p>Cos\u00ec Caronte &amp; Tourist Isole Minori commenta il nuovo provvedimento eseguito ieri dalla Guardia di Finanza, su cui comunque preannuncia ricorso. <div id=\"videoincontent\" style=\"clear:both\";><\/div><\/p>\n\n\n\n<p>\u201cVa comunque chiarito che il sequestro di alcune altre unit\u00e0 (tra cui alcune ferme per lavori di manutenzione programmata) \u00e8 unicamente collegato al valore delle stesse e finalizzato al raggiungimento della cifra prevista nel decreto cautelare dalla Magistratura. Nulla a che vedere, dunque con presunte violazioni delle normative sul trasporto dei passeggeri a mobilit\u00e0 ridotta e\/o con tematiche inerenti la regolarit\u00e0 dei mezzi, perfettamente in grado di assolvere alle loro funzioni\u201d. <\/p>\n\n\n\n<p>Gi\u00e0 in occasione del primo sequestro, CTIM aveva dichiarato peraltro la propria \u201csorpresa\u201d per il provvedimento legato al tema PMR richiamato per alcune delle unit\u00e0:<\/p>\n\n\n\n<p>\u201cA suo tempo avevamo esposto una serie di elementi sia tecnici che giuridici a dimostrazione della insussistenza dei reati (sostanzialmente gli stessi) anche allora ipotizzati in un procedimento riguardante altro lotto della medesima gara. In quella sede le nostre tesi erano state ben valutate con la presa d\u2019atto finale che non c\u2019era alcun pericolo per la sicurezza delle persone e dei passeggeri con mobilit\u00e0 ridotta (PMR), come del resto certificato dall\u2019ente tecnico che per legge \u00e8 tenuto a fornire tale attestazione\u201d.<\/p>\n\n\n\n<p>\u201cPeraltro, le navi Ulisse, Helga e Bridge sono state di recente dotate di ascensore, bagni per disabili e di tutti gli accessori necessari per garantire non solo il rispetto delle normative sulle PMR, ma per portare le navi ai pi\u00f9 alti standard del settore. Per questo ribadiamo l\u2019assoluta legalit\u00e0 e linearit\u00e0 dei nostri comportamenti e siamo fiduciosi &#8211; conclude la Societ\u00e0 di navigazione &#8211; che le navi oggetto del sequestro possano rientrare al pi\u00f9 presto in servizio a esclusivo beneficio delle comunit\u00e0 isolane alle quali ribadiamo il nostro pi\u00f9 vivo rincrescimento\u201d.     <\/p>\n","protected":false},"excerpt":{"rendered":"<p>\u201cCi scusiamo con i nostri clienti per il disagio che si sta involontariamente loro arrecando. Stiamo gi\u00e0 adoperandoci al meglio per attenuarlo attraverso corse straordinarie e sostituzioni delle navi sottoposte al fermo dall\u2019autorit\u00e0 giudiziaria\u201d. Cos\u00ec Caronte &amp; Tourist Isole Minori commenta il nuovo provvedimento eseguito ieri dalla Guardia di Finanza, su cui comunque preannuncia ricorso. [&hellip;]<\/p>\n","protected":false},"author":15,"featured_media":41358,"comment_status":"open","ping_status":"open","sticky":false,"template":"","format":"standard","meta":{"ub_ctt_via":"","_mi_skip_tracking":false},"categories":[6],"tags":[146,8128,1227,836],"featured_image_src":"https:\/\/www.messinaoggi.it\/website\/wp-content\/uploads\/2020\/03\/2F8BD632-0D4B-4710-A1CB-6ED965E27441.jpeg","author_info":{"display_name":"red.me","author_link":"https:\/\/www.messinaoggi.it\/website\/author\/red-me\/"},"digistream_id":0,"digistream":false,"_links":{"self":[{"href":"https:\/\/www.messinaoggi.it\/website\/wp-json\/wp\/v2\/posts\/159937"}],"collection":[{"href":"https:\/\/www.messinaoggi.it\/website\/wp-json\/wp\/v2\/posts"}],"about":[{"href":"https:\/\/www.messinaoggi.it\/website\/wp-json\/wp\/v2\/types\/post"}],"author":[{"embeddable":true,"href":"https:\/\/www.messinaoggi.it\/website\/wp-json\/wp\/v2\/users\/15"}],"replies":[{"embeddable":true,"href":"https:\/\/www.messinaoggi.it\/website\/wp-json\/wp\/v2\/comments?post=159937"}],"version-history":[{"count":1,"href":"https:\/\/www.messinaoggi.it\/website\/wp-json\/wp\/v2\/posts\/159937\/revisions"}],"predecessor-version":[{"id":159938,"href":"https:\/\/www.messinaoggi.it\/website\/wp-json\/wp\/v2\/posts\/159937\/revisions\/159938"}],"wp:featuredmedia":[{"embeddable":true,"href":"https:\/\/www.messinaoggi.it\/website\/wp-json\/wp\/v2\/media\/41358"}],"wp:attachment":[{"href":"https:\/\/www.messinaoggi.it\/website\/wp-json\/wp\/v2\/media?parent=159937"}],"wp:term":[{"taxonomy":"category","embeddable":true,"href":"https:\/\/www.messinaoggi.it\/website\/wp-json\/wp\/v2\/categories?post=159937"},{"taxonomy":"post_tag","embeddable":true,"href":"https:\/\/www.messinaoggi.it\/website\/wp-json\/wp\/v2\/tags?post=159937"}],"curies":[{"name":"wp","href":"https:\/\/api.w.org\/{rel}","templated":true}]}}