{"id":159888,"date":"2023-06-20T15:24:23","date_gmt":"2023-06-20T13:24:23","guid":{"rendered":"http:\/\/www.messinaoggi.it\/website\/?p=159888"},"modified":"2023-06-20T15:29:54","modified_gmt":"2023-06-20T13:29:54","slug":"a20-confronto-per-riaprire-cavalcavia","status":"publish","type":"post","link":"https:\/\/www.messinaoggi.it\/website\/2023\/06\/20\/a20-confronto-per-riaprire-cavalcavia\/","title":{"rendered":"A20, confronto per riaprire cavalcavia"},"content":{"rendered":"\n<p>&#8220;Su mia richiesta l&#8217;assessore regionale alle Infrastrutture, Alessandro Aric\u00f2, ha prontamente convocato un tavolo tecnico affinch\u00e8 il Cas proceda con celerit\u00e0 alla manutenzione e conseguente riapertura dei viadotti chiusi del Messinese&#8221;. Lo fa sapere Pino Galluzzo, deputato regionale di Fratelli d&#8217;Italia, aggiungendo: \u00abNel vertice che si terr\u00e0 domani mercoled\u00ec 21 giugno alle 15 in assessorato sar\u00e0 ribadito che le prove di staticit\u00e0 hanno garantito la sicurezza di quei cavalcavia nell\u2019area compresa tra Barcellona e Milazzo e che, appunto, per poterli riaprire sono necessari alcuni interventi di manutenzione ordinaria richiesti esplicitamente dalla Procura per procedere al dissequestro. Il Cas dovr\u00e0 procedere con urgenza per scongiurare ulteriori disagi per la viabilit\u00e0 del comprensorio&#8221;.<div id=\"div-gpt-ad-Messinaoggi.it-DSK-300x250-corpoart\" style=\"text-align:center;margin:0 auto;\"><\/div><\/p>\n<div id=\"videoincontent\" style=\"clear:both\";><\/div>","protected":false},"excerpt":{"rendered":"<p>&#8220;Su mia richiesta l&#8217;assessore regionale alle Infrastrutture, Alessandro Aric\u00f2, ha prontamente convocato un tavolo tecnico affinch\u00e8 il Cas proceda con celerit\u00e0 alla manutenzione e conseguente riapertura dei viadotti chiusi del Messinese&#8221;. Lo fa sapere Pino Galluzzo, deputato regionale di Fratelli d&#8217;Italia, aggiungendo: \u00abNel vertice che si terr\u00e0 domani mercoled\u00ec 21 giugno alle 15 in assessorato [&hellip;]<\/p>\n","protected":false},"author":4,"featured_media":16593,"comment_status":"open","ping_status":"open","sticky":false,"template":"","format":"standard","meta":{"ub_ctt_via":"","_mi_skip_tracking":false},"categories":[13,14],"tags":[716],"featured_image_src":"https:\/\/www.messinaoggi.it\/website\/wp-content\/uploads\/2018\/03\/Strada-collegamento-con-tangenziale-direzione-Messina-001-1-1.jpg","author_info":{"display_name":"redme","author_link":"https:\/\/www.messinaoggi.it\/website\/author\/redme\/"},"digistream_id":0,"digistream":false,"_links":{"self":[{"href":"https:\/\/www.messinaoggi.it\/website\/wp-json\/wp\/v2\/posts\/159888"}],"collection":[{"href":"https:\/\/www.messinaoggi.it\/website\/wp-json\/wp\/v2\/posts"}],"about":[{"href":"https:\/\/www.messinaoggi.it\/website\/wp-json\/wp\/v2\/types\/post"}],"author":[{"embeddable":true,"href":"https:\/\/www.messinaoggi.it\/website\/wp-json\/wp\/v2\/users\/4"}],"replies":[{"embeddable":true,"href":"https:\/\/www.messinaoggi.it\/website\/wp-json\/wp\/v2\/comments?post=159888"}],"version-history":[{"count":1,"href":"https:\/\/www.messinaoggi.it\/website\/wp-json\/wp\/v2\/posts\/159888\/revisions"}],"predecessor-version":[{"id":159889,"href":"https:\/\/www.messinaoggi.it\/website\/wp-json\/wp\/v2\/posts\/159888\/revisions\/159889"}],"wp:featuredmedia":[{"embeddable":true,"href":"https:\/\/www.messinaoggi.it\/website\/wp-json\/wp\/v2\/media\/16593"}],"wp:attachment":[{"href":"https:\/\/www.messinaoggi.it\/website\/wp-json\/wp\/v2\/media?parent=159888"}],"wp:term":[{"taxonomy":"category","embeddable":true,"href":"https:\/\/www.messinaoggi.it\/website\/wp-json\/wp\/v2\/categories?post=159888"},{"taxonomy":"post_tag","embeddable":true,"href":"https:\/\/www.messinaoggi.it\/website\/wp-json\/wp\/v2\/tags?post=159888"}],"curies":[{"name":"wp","href":"https:\/\/api.w.org\/{rel}","templated":true}]}}