{"id":159830,"date":"2023-06-20T08:28:49","date_gmt":"2023-06-20T06:28:49","guid":{"rendered":"http:\/\/www.messinaoggi.it\/website\/?p=159830"},"modified":"2023-06-20T08:28:50","modified_gmt":"2023-06-20T06:28:50","slug":"orto-liuzzo-lanpi-ricorda-la-strage-del-43","status":"publish","type":"post","link":"https:\/\/www.messinaoggi.it\/website\/2023\/06\/20\/orto-liuzzo-lanpi-ricorda-la-strage-del-43\/","title":{"rendered":"Orto Liuzzo, l&#8217;Anpi ricorda la strage del &#8217;43"},"content":{"rendered":"\n<p>Il 14 agosto del 1943, esattamente ottant\u2019anni fa, nella contrada Chiusa di Orto Liuzzo, detta allora Chiusa Gesso, i tedeschi in ritirata uccisero cinque carabinieri e un civile. Adesso l\u2019Anpi messinese vuole ricordare quel tragico episodio, che solo adesso emerge dal silenzio, preparando una targa commemorativa che sar\u00e0 apposta e inaugurata il prossimo 14 agosto.<div id=\"div-gpt-ad-Messinaoggi.it-DSK-300x250-corpoart\" style=\"text-align:center;margin:0 auto;\"><\/div><\/p>\n\n\n\n<p>Per affrontare i costi economici dell\u2019operazione l\u2019Associazione nazionale partigiani d\u2019Italia ha chiesto un aiuto all\u2019Associazione culturale \u201cSpazioquattro. Incontri d\u2019Arte\u201d per indire una mostra mercato a sostegno dell\u2019iniziativa.<div id=\"videoincontent\" style=\"clear:both\";><\/div><\/p>\n\n\n\n<p>Hanno risposto in 58 e sono i seguenti artisti: Antonio Amato, Mario Ampelli, Gianfranco Anastasio, Mariaceleste Arena, Siro Barbagallo, Maria Berenato, Piero Basilic\u00f2, Nunzio Bonina, Francesca Borgia, Nino Bruneo, Nino Cannistraci, Francesco Carta, Dora Casuscelli, Gregorio Cesareo, Enzo Curr\u00f2, Michela De Domenico, Fortunato Del Dotto, Nunzio Di Dio, Graziella Di Perna, Massimo Di Prima, Ninni Ferrara, Giovanni Fiamingo, Pippo Galip\u00f2, Antonio Giocondo, Paolo Giocondo, Carlo Giorgianni, Angela Impal\u00e0, Mimmo lrrera, Elisa La Rosa, Giacomo Lattene, Sabrina Lo Piano, Davide Lupica, Rocco Luvar\u00e0, Mantilla, Laura Marchese, Mariella Marini, Pasquale Marino, Laura Martines, Emiliano Martino, Lorenzo Martino, Jos\u00e8 Martino, Sandro Messina, Sebastiano Occhino, Riccardo Orlando, Giovanni Pagliaro, Puccio, Stello Quartarone, Maria Rando, Rosa Rigano, Silvia Ripoli, Ugo Sansone, Angelo Savasta, Enzo Savasta, Demetrio Scopelliti, Piero Serboli, Alexandra Stralucica, Sara Teresano, Togo.<\/p>\n\n\n\n<p>Ognuno di loro doner\u00e0 una sua opera; il ricavato della vendita sar\u00e0 devoluto appunto alla preparazione e alla collocazione dell\u2019opera artistica, ideata da Pippo Martino. Il \u201cvernissage\u201d della mostra collettiva avr\u00e0 luogo gioved\u00ec 22 giugno, alle ore 18, presso \u201cSpazioquattro\u201d di via Ghibellina 120. La mostra rester\u00e0 aperta dal 22 al 24 giugno.<\/p>\n","protected":false},"excerpt":{"rendered":"<p>Il 14 agosto del 1943, esattamente ottant\u2019anni fa, nella contrada Chiusa di Orto Liuzzo, detta allora Chiusa Gesso, i tedeschi in ritirata uccisero cinque carabinieri e un civile. Adesso l\u2019Anpi messinese vuole ricordare quel tragico episodio, che solo adesso emerge dal silenzio, preparando una targa commemorativa che sar\u00e0 apposta e inaugurata il prossimo 14 agosto. [&hellip;]<\/p>\n","protected":false},"author":8,"featured_media":44145,"comment_status":"open","ping_status":"open","sticky":false,"template":"","format":"standard","meta":{"ub_ctt_via":"","_mi_skip_tracking":false},"categories":[5],"tags":[8121,8122,8120,1967,8119],"featured_image_src":"https:\/\/www.messinaoggi.it\/website\/wp-content\/uploads\/2020\/05\/strada-statale-113.jpg","author_info":{"display_name":"red..me","author_link":"https:\/\/www.messinaoggi.it\/website\/author\/redstage\/"},"digistream_id":0,"digistream":false,"_links":{"self":[{"href":"https:\/\/www.messinaoggi.it\/website\/wp-json\/wp\/v2\/posts\/159830"}],"collection":[{"href":"https:\/\/www.messinaoggi.it\/website\/wp-json\/wp\/v2\/posts"}],"about":[{"href":"https:\/\/www.messinaoggi.it\/website\/wp-json\/wp\/v2\/types\/post"}],"author":[{"embeddable":true,"href":"https:\/\/www.messinaoggi.it\/website\/wp-json\/wp\/v2\/users\/8"}],"replies":[{"embeddable":true,"href":"https:\/\/www.messinaoggi.it\/website\/wp-json\/wp\/v2\/comments?post=159830"}],"version-history":[{"count":1,"href":"https:\/\/www.messinaoggi.it\/website\/wp-json\/wp\/v2\/posts\/159830\/revisions"}],"predecessor-version":[{"id":159831,"href":"https:\/\/www.messinaoggi.it\/website\/wp-json\/wp\/v2\/posts\/159830\/revisions\/159831"}],"wp:featuredmedia":[{"embeddable":true,"href":"https:\/\/www.messinaoggi.it\/website\/wp-json\/wp\/v2\/media\/44145"}],"wp:attachment":[{"href":"https:\/\/www.messinaoggi.it\/website\/wp-json\/wp\/v2\/media?parent=159830"}],"wp:term":[{"taxonomy":"category","embeddable":true,"href":"https:\/\/www.messinaoggi.it\/website\/wp-json\/wp\/v2\/categories?post=159830"},{"taxonomy":"post_tag","embeddable":true,"href":"https:\/\/www.messinaoggi.it\/website\/wp-json\/wp\/v2\/tags?post=159830"}],"curies":[{"name":"wp","href":"https:\/\/api.w.org\/{rel}","templated":true}]}}