{"id":15977,"date":"2018-02-21T10:03:41","date_gmt":"2018-02-21T09:03:41","guid":{"rendered":"http:\/\/www.messinaoggi.it\/website\/?p=15977"},"modified":"2018-02-21T10:03:41","modified_gmt":"2018-02-21T09:03:41","slug":"palazzo-dei-congressi-il-28-la-consegna-dei-lavori-poi-il-rebus-della-gestione","status":"publish","type":"post","link":"https:\/\/www.messinaoggi.it\/website\/2018\/02\/21\/palazzo-dei-congressi-il-28-la-consegna-dei-lavori-poi-il-rebus-della-gestione\/","title":{"rendered":"Palazzo dei congressi: il 28 la consegna dei lavori, poi il rebus della gestione"},"content":{"rendered":"<p>Lavori al Palazzo dei congressi ormai al traguardo. L&#8217;Aeronautica militare che ha effettuato gli interventi consegner\u00e0 la struttura il 28 di\u00a0<a class=\"matchTooltip\">questo mese<\/a>. Sar\u00e0 convocata la commissione comunale di vigilanza per ottenere nel pi\u00f9 breve tempo possibile l&#8217;agibilit\u00e0 definitiva. Da affrontare la spinosa questione della gestione futura della struttura congressuale.<br \/>\nIl sindaco, Eligio Giardina, ha gi\u00e0 pronto un percorso. &#8220;Per quanto riguarda l&#8217;affidamento del complesso di piazza Vittorio Emanuele &#8211; dice il primo cittadino &#8211; \u00e8 gi\u00e0 a lavoro il segretario comunale, Rossana Carruba. Nel bando \u00e8 previsto che chi si prender\u00e0 cura della struttura si dovr\u00e0 impegnare anche a provvedere alle attrezzature necessarie per effettuare spettacoli e congressi&#8221;.<br \/>\n<strong>Mauro Romano<\/strong><div id=\"div-gpt-ad-Messinaoggi.it-DSK-300x250-corpoart\" style=\"text-align:center;margin:0 auto;\"><\/div><\/p>\n<div id=\"videoincontent\" style=\"clear:both\";><\/div>","protected":false},"excerpt":{"rendered":"<p>Lavori al Palazzo dei congressi ormai al traguardo. L&#8217;Aeronautica militare che ha effettuato gli interventi consegner\u00e0 la struttura il 28 di\u00a0questo mese. Sar\u00e0 convocata la commissione comunale di vigilanza per ottenere nel pi\u00f9 breve tempo possibile l&#8217;agibilit\u00e0 definitiva. Da affrontare la spinosa questione della gestione futura della struttura congressuale. Il sindaco, Eligio Giardina, ha gi\u00e0 [&hellip;]<\/p>\n","protected":false},"author":2,"featured_media":5992,"comment_status":"closed","ping_status":"open","sticky":false,"template":"","format":"standard","meta":{"ub_ctt_via":"","_mi_skip_tracking":false},"categories":[3],"tags":[],"featured_image_src":"https:\/\/www.messinaoggi.it\/website\/wp-content\/uploads\/2017\/08\/palazzo-dei-congressi-taormina-2.jpg","author_info":{"display_name":"Redazione","author_link":"https:\/\/www.messinaoggi.it\/website\/author\/redazione\/"},"digistream_id":0,"digistream":false,"_links":{"self":[{"href":"https:\/\/www.messinaoggi.it\/website\/wp-json\/wp\/v2\/posts\/15977"}],"collection":[{"href":"https:\/\/www.messinaoggi.it\/website\/wp-json\/wp\/v2\/posts"}],"about":[{"href":"https:\/\/www.messinaoggi.it\/website\/wp-json\/wp\/v2\/types\/post"}],"author":[{"embeddable":true,"href":"https:\/\/www.messinaoggi.it\/website\/wp-json\/wp\/v2\/users\/2"}],"replies":[{"embeddable":true,"href":"https:\/\/www.messinaoggi.it\/website\/wp-json\/wp\/v2\/comments?post=15977"}],"version-history":[{"count":0,"href":"https:\/\/www.messinaoggi.it\/website\/wp-json\/wp\/v2\/posts\/15977\/revisions"}],"wp:featuredmedia":[{"embeddable":true,"href":"https:\/\/www.messinaoggi.it\/website\/wp-json\/wp\/v2\/media\/5992"}],"wp:attachment":[{"href":"https:\/\/www.messinaoggi.it\/website\/wp-json\/wp\/v2\/media?parent=15977"}],"wp:term":[{"taxonomy":"category","embeddable":true,"href":"https:\/\/www.messinaoggi.it\/website\/wp-json\/wp\/v2\/categories?post=15977"},{"taxonomy":"post_tag","embeddable":true,"href":"https:\/\/www.messinaoggi.it\/website\/wp-json\/wp\/v2\/tags?post=15977"}],"curies":[{"name":"wp","href":"https:\/\/api.w.org\/{rel}","templated":true}]}}