{"id":159752,"date":"2023-06-19T14:19:58","date_gmt":"2023-06-19T12:19:58","guid":{"rendered":"http:\/\/www.messinaoggi.it\/website\/?p=159752"},"modified":"2023-06-19T14:24:49","modified_gmt":"2023-06-19T12:24:49","slug":"caronte-inaugura-biblioteca-dedicata-a-ubaldo-smeriglio","status":"publish","type":"post","link":"https:\/\/www.messinaoggi.it\/website\/2023\/06\/19\/caronte-inaugura-biblioteca-dedicata-a-ubaldo-smeriglio\/","title":{"rendered":"Caronte inaugura biblioteca dedicata a Ubaldo Smeriglio"},"content":{"rendered":"\n<p>Quando arriv\u00f2 a Rada San Francesco, per organizzare il neonato Ufficio Stampa di Caronte &amp; Tourist, <strong>Ubaldo Smeriglio<\/strong> era gi\u00e0 un professionista affermato e ben noto nella sua Messina, citt\u00e0 della quale conosceva storie, indole, riti e miti.<div id=\"div-gpt-ad-Messinaoggi.it-DSK-300x250-corpoart\" style=\"text-align:center;margin:0 auto;\"><\/div><\/p>\n\n\n\n<p>Smeriglio era un giornalista di strada, un giornalista di vecchia scuola. Era uno di quelli che non avevano paura di sporcarsi le mani e le scarpe; uno di quelli che cercavano le storie, le persone, dietro una notizia.<div id=\"videoincontent\" style=\"clear:both\";><\/div><\/p>\n\n\n\n<p>Era un cronista smaliziato e disincantato ma anche un poeta dalla raffinata onirica vena; un raccontatore di storie, ammaliante e visionario come pochi.<\/p>\n\n\n\n<figure class=\"wp-block-image size-large\"><img loading=\"lazy\" width=\"1024\" height=\"678\" src=\"http:\/\/www.messinaoggi.it\/website\/wp-content\/uploads\/2023\/06\/Biblioteca-Smeriglio-1-1024x678.jpg\" alt=\"\" class=\"wp-image-159755\" srcset=\"https:\/\/www.messinaoggi.it\/website\/wp-content\/uploads\/2023\/06\/Biblioteca-Smeriglio-1-1024x678.jpg 1024w, https:\/\/www.messinaoggi.it\/website\/wp-content\/uploads\/2023\/06\/Biblioteca-Smeriglio-1-300x199.jpg 300w, https:\/\/www.messinaoggi.it\/website\/wp-content\/uploads\/2023\/06\/Biblioteca-Smeriglio-1-768x509.jpg 768w, https:\/\/www.messinaoggi.it\/website\/wp-content\/uploads\/2023\/06\/Biblioteca-Smeriglio-1-1536x1017.jpg 1536w, https:\/\/www.messinaoggi.it\/website\/wp-content\/uploads\/2023\/06\/Biblioteca-Smeriglio-1-100x65.jpg 100w, https:\/\/www.messinaoggi.it\/website\/wp-content\/uploads\/2023\/06\/Biblioteca-Smeriglio-1.jpg 2048w\" sizes=\"(max-width: 1024px) 100vw, 1024px\" \/><\/figure>\n\n\n\n<p>Nel dicembre del 2019 un male crudele lo strapp\u00f2 al mondo degli uomini.<\/p>\n\n\n\n<p>Smeriglio \u2013 che si definiva ironicamente <em>\u201cfiglio di un corsaro della corona e di una principessa di estremo Oriente\u201d <\/em> &#8211; aveva allora solo 52 anni.<\/p>\n\n\n\n<p>Caronte &amp; Tourist, la sua ultima famiglia professionale, non solo non lo ha mai dimenticato ma continua a ricordarlo intitolandogli adesso anche la nuova \u201c<em>Piccola Biblioteca Condivisa<\/em>\u201d.<\/p>\n\n\n\n<p>\u201c\u00c8 una iniziativa &#8211; ha detto nel corso della sobria cerimonia di inaugurazione <strong>Tiziano Minuti, <\/strong>responsabile dell\u2019Area Comunicazione del Gruppo &#8211; che nasce con l\u2019intento di favorire la lettura, la socializzazione e il confronto. La biblioteca \u00e8 uno spazio nel quale saranno custoditi i libri che ognuno potr\u00e0 conferire e ovviamente anche prendere in prestito; uno spazio nel quale potranno anche organizzarsi momenti di confronto e, in prospettiva, anche presentazioni e ospitate di autori\u201d.<\/p>\n\n\n\n<figure class=\"wp-block-image size-large\"><img loading=\"lazy\" width=\"1024\" height=\"805\" src=\"http:\/\/www.messinaoggi.it\/website\/wp-content\/uploads\/2023\/06\/Biblioteca-Smeriglio-2-1024x805.jpg\" alt=\"\" class=\"wp-image-159754\" srcset=\"https:\/\/www.messinaoggi.it\/website\/wp-content\/uploads\/2023\/06\/Biblioteca-Smeriglio-2-1024x805.jpg 1024w, https:\/\/www.messinaoggi.it\/website\/wp-content\/uploads\/2023\/06\/Biblioteca-Smeriglio-2-300x236.jpg 300w, https:\/\/www.messinaoggi.it\/website\/wp-content\/uploads\/2023\/06\/Biblioteca-Smeriglio-2-768x603.jpg 768w, https:\/\/www.messinaoggi.it\/website\/wp-content\/uploads\/2023\/06\/Biblioteca-Smeriglio-2.jpg 1489w\" sizes=\"(max-width: 1024px) 100vw, 1024px\" \/><\/figure>\n\n\n\n<p>La biblioteca si trova in uno dei luoghi pi\u00f9 luminosi della nuova sede di C&amp;T, uno slargo al primo piano che collega\/separa due ali dell\u2019edificio, proteso su una grande terrazza, piattaforma virtuale verso cielo e mare.<\/p>\n\n\n\n<p>\u201cUbaldo &#8211; sono ancora parole di Minuti &#8211; era un sognatore militante, uno scettico dal cuore d\u2019oro, un generoso capace di produrre pensiero originale anche quando ci\u00f2 lo esponeva all\u2019impopolarit\u00e0, come sa bene chi ha avuto la fortuna di conoscerlo e lavorarci assieme\u201d.<\/p>\n\n\n\n<p>Durante la cerimonia, cui hanno preso parte i vertici e di numerosi collaboratori di Caronte &amp; Tourist, nonch\u00e9 i familiari del giornalista, \u00e8 intervenuto il direttore responsabile della Gazzetta del Sud <strong>Alessandro Notarstefano<\/strong> ricordando con emozione l\u2019amico e il collega.<\/p>\n","protected":false},"excerpt":{"rendered":"<p>Quando arriv\u00f2 a Rada San Francesco, per organizzare il neonato Ufficio Stampa di Caronte &amp; Tourist, Ubaldo Smeriglio era gi\u00e0 un professionista affermato e ben noto nella sua Messina, citt\u00e0 della quale conosceva storie, indole, riti e miti. Smeriglio era un giornalista di strada, un giornalista di vecchia scuola. Era uno di quelli che non [&hellip;]<\/p>\n","protected":false},"author":15,"featured_media":141056,"comment_status":"open","ping_status":"open","sticky":false,"template":"","format":"standard","meta":{"ub_ctt_via":"","_mi_skip_tracking":false},"categories":[5],"tags":[146,8117,6631,8116],"featured_image_src":"https:\/\/www.messinaoggi.it\/website\/wp-content\/uploads\/2023\/02\/Sede-Caronte-Tourist.jpeg","author_info":{"display_name":"red.me","author_link":"https:\/\/www.messinaoggi.it\/website\/author\/red-me\/"},"digistream_id":0,"digistream":false,"_links":{"self":[{"href":"https:\/\/www.messinaoggi.it\/website\/wp-json\/wp\/v2\/posts\/159752"}],"collection":[{"href":"https:\/\/www.messinaoggi.it\/website\/wp-json\/wp\/v2\/posts"}],"about":[{"href":"https:\/\/www.messinaoggi.it\/website\/wp-json\/wp\/v2\/types\/post"}],"author":[{"embeddable":true,"href":"https:\/\/www.messinaoggi.it\/website\/wp-json\/wp\/v2\/users\/15"}],"replies":[{"embeddable":true,"href":"https:\/\/www.messinaoggi.it\/website\/wp-json\/wp\/v2\/comments?post=159752"}],"version-history":[{"count":2,"href":"https:\/\/www.messinaoggi.it\/website\/wp-json\/wp\/v2\/posts\/159752\/revisions"}],"predecessor-version":[{"id":159756,"href":"https:\/\/www.messinaoggi.it\/website\/wp-json\/wp\/v2\/posts\/159752\/revisions\/159756"}],"wp:featuredmedia":[{"embeddable":true,"href":"https:\/\/www.messinaoggi.it\/website\/wp-json\/wp\/v2\/media\/141056"}],"wp:attachment":[{"href":"https:\/\/www.messinaoggi.it\/website\/wp-json\/wp\/v2\/media?parent=159752"}],"wp:term":[{"taxonomy":"category","embeddable":true,"href":"https:\/\/www.messinaoggi.it\/website\/wp-json\/wp\/v2\/categories?post=159752"},{"taxonomy":"post_tag","embeddable":true,"href":"https:\/\/www.messinaoggi.it\/website\/wp-json\/wp\/v2\/tags?post=159752"}],"curies":[{"name":"wp","href":"https:\/\/api.w.org\/{rel}","templated":true}]}}