{"id":159542,"date":"2023-06-16T16:58:11","date_gmt":"2023-06-16T14:58:11","guid":{"rendered":"http:\/\/www.messinaoggi.it\/website\/?p=159542"},"modified":"2023-06-16T16:58:12","modified_gmt":"2023-06-16T14:58:12","slug":"de-luca-senza-fondi-regionali-stop-ai-grandi-eventi-a-taormina","status":"publish","type":"post","link":"https:\/\/www.messinaoggi.it\/website\/2023\/06\/16\/de-luca-senza-fondi-regionali-stop-ai-grandi-eventi-a-taormina\/","title":{"rendered":"De Luca: &#8220;Senza fondi regionali stop ai grandi eventi a Taormina&#8221;"},"content":{"rendered":"\n<p>Il sindaco di Taormina Cateno De Luca sta preparando un\u2019ordinanza per sospendere i grandi eventi al Teatro Antico. \u201cIl presidente della Regione, Renato Schifani \u2013 afferma il sindaco \u2013 ha di fatto smentito la trattativa che avevo in corso con il suo assessore alla Cultura sui costi che sosteniamo per garantire ordine pubblico, decoro e pulizia. Sono costretto a emettere un\u2019ordinanza per vietare dal 1\u00b0 luglio in poi i grandi eventi al Teatro Antico considerato che io sono il responsabile dell\u2019ordine pubblico come mi ricordano sempre questore e prefetto. Con tre soli componenti della polizia municipale \u2013 sostiene il sindaco De Luca \u2013 non posso affrontare un afflusso di cinquemila spettatori che si aggiungono gi\u00e0 alle massime presenze che ci sono a Taormina, \u00e8 ovvio che non posso prendermi questa responsabilit\u00e0. Questo significa che salter\u00e0 tutto il calendario da, appunto, il primo luglio in poi e il presidente della Regione dovr\u00e0 prendersi la responsabilit\u00e0 di quello che si sta verificando a Taormina\u201d.<div id=\"div-gpt-ad-Messinaoggi.it-DSK-300x250-corpoart\" style=\"text-align:center;margin:0 auto;\"><\/div><\/p>\n<div id=\"videoincontent\" style=\"clear:both\";><\/div>","protected":false},"excerpt":{"rendered":"<p>Il sindaco di Taormina Cateno De Luca sta preparando un\u2019ordinanza per sospendere i grandi eventi al Teatro Antico. \u201cIl presidente della Regione, Renato Schifani \u2013 afferma il sindaco \u2013 ha di fatto smentito la trattativa che avevo in corso con il suo assessore alla Cultura sui costi che sosteniamo per garantire ordine pubblico, decoro e [&hellip;]<\/p>\n","protected":false},"author":4,"featured_media":157892,"comment_status":"open","ping_status":"open","sticky":false,"template":"","format":"standard","meta":{"ub_ctt_via":"","_mi_skip_tracking":false},"categories":[19],"tags":[126,8108],"featured_image_src":"https:\/\/www.messinaoggi.it\/website\/wp-content\/uploads\/2023\/06\/GIUNTA-TAORMINA.jpeg","author_info":{"display_name":"redme","author_link":"https:\/\/www.messinaoggi.it\/website\/author\/redme\/"},"digistream_id":0,"digistream":false,"_links":{"self":[{"href":"https:\/\/www.messinaoggi.it\/website\/wp-json\/wp\/v2\/posts\/159542"}],"collection":[{"href":"https:\/\/www.messinaoggi.it\/website\/wp-json\/wp\/v2\/posts"}],"about":[{"href":"https:\/\/www.messinaoggi.it\/website\/wp-json\/wp\/v2\/types\/post"}],"author":[{"embeddable":true,"href":"https:\/\/www.messinaoggi.it\/website\/wp-json\/wp\/v2\/users\/4"}],"replies":[{"embeddable":true,"href":"https:\/\/www.messinaoggi.it\/website\/wp-json\/wp\/v2\/comments?post=159542"}],"version-history":[{"count":1,"href":"https:\/\/www.messinaoggi.it\/website\/wp-json\/wp\/v2\/posts\/159542\/revisions"}],"predecessor-version":[{"id":159543,"href":"https:\/\/www.messinaoggi.it\/website\/wp-json\/wp\/v2\/posts\/159542\/revisions\/159543"}],"wp:featuredmedia":[{"embeddable":true,"href":"https:\/\/www.messinaoggi.it\/website\/wp-json\/wp\/v2\/media\/157892"}],"wp:attachment":[{"href":"https:\/\/www.messinaoggi.it\/website\/wp-json\/wp\/v2\/media?parent=159542"}],"wp:term":[{"taxonomy":"category","embeddable":true,"href":"https:\/\/www.messinaoggi.it\/website\/wp-json\/wp\/v2\/categories?post=159542"},{"taxonomy":"post_tag","embeddable":true,"href":"https:\/\/www.messinaoggi.it\/website\/wp-json\/wp\/v2\/tags?post=159542"}],"curies":[{"name":"wp","href":"https:\/\/api.w.org\/{rel}","templated":true}]}}