{"id":159462,"date":"2023-06-16T08:31:01","date_gmt":"2023-06-16T06:31:01","guid":{"rendered":"http:\/\/www.messinaoggi.it\/website\/?p=159462"},"modified":"2023-06-16T08:31:03","modified_gmt":"2023-06-16T06:31:03","slug":"memar-grande-successo-per-la-grande-regata","status":"publish","type":"post","link":"https:\/\/www.messinaoggi.it\/website\/2023\/06\/16\/memar-grande-successo-per-la-grande-regata\/","title":{"rendered":"MEMAR, grande successo per la grande regata"},"content":{"rendered":"\n<p>Un fine settimana all&#8217;insegna del mare, del sole e del vento al Village \u201cVele dello Stretto \u2013 MEMAR\u201d con gli ultimi appuntamenti previsti in programma: l&#8217;invito alla Vela e la grande regata dello Stretto.  Sabato, i circoli velici della citt\u00e0 (Stretto360, Lega Navale, Circolo Tennis e Vela e Vela Mare \u201983) hanno messo a disposizione le proprie imbarcazioni e gli skipper per offrire l&#8217;opportunit\u00e0 a chiunque non avesse mai provato le emozioni della navigazione a vela di fare questa esperienza.<div id=\"div-gpt-ad-Messinaoggi.it-DSK-300x250-corpoart\" style=\"text-align:center;margin:0 auto;\"><\/div><\/p>\n\n\n\n<p>Oltre 250 i partecipanti all\u2019ottava edizione della grande regata \u201cVele dello Stretto \u2013 Festa della Vela\u201d di domenica 11 giugno. A bordo di barche d&#8217;altura, derive di vario tipo, laser, windsurf e sunfish, i regatanti si sono sfidati con sano agonismo, ma in amicizia, nelle acque dello Stretto. Quest\u2019anno si \u00e8 preferito tenere separati i bambini degli Optimist che si sfideranno sabato 17 giugno nel trofeo \u201cVele dello Stretto\u201d loro dedicato.<div id=\"videoincontent\" style=\"clear:both\";><\/div><\/p>\n\n\n\n<p>Lo spettacolo delle 97 vele che hanno colorato il nostro mare era visibile ancora meglio da terra, dalla litoranea dalla Marina del Nettuno a Sant&#8217;Agata. La partenza differenziata per dimensione e lo sgranarsi della flotta durante la regata hanno, infatti, distribuito le barche lungo tutta la costa per un paio d\u2019ore. Le condizioni di vento sostenuto da nord, anche se rafficato, e di mare piatto, hanno inoltre accentuato la spettacolarit\u00e0 della regata anche accelerandone lo svolgimento.<\/p>\n\n\n\n<p>Nella serata si \u00e8 svolta la premiazione dei vincitori al Village \u201cVele dello Stretto &#8211; MEMAR\u201d, con la partecipazione di \u201cE20 dello Stretto\u201d, animato dal motorhome di Studio54 Network in un clima festoso sia per la consegna dei trofei ai vincitori delle otto classi, sia per l\u2019assegnazione dei premi speciali, tra cui quello per la barca venuta da pi\u00f9 lontano e per la barca che \u00e8 stata considerata pi\u00f9 bella.<\/p>\n\n\n\n<p>Per l\u2019altura i vincitori della classe A sono stati Geisha di Uccio Giuffr\u00e8, seguita Arcobalena di Antonio Saitta e Mascalzone Siculo di Stretto 360. La classe B invece ha visto la vittoria di Sekeles della ASD Fata Morgana davanti a Frank di Francesco Badessa e Polluce, dello Sport Velico Marina Militare con a bordo l\u2019ammiraglio Marcello Calandrino.<\/p>\n\n\n\n<p>Nella classe Laser ha vinto Francesco Di Rosa, seguito da Emilio Palleschi e da Francesco Rispoli. Nella numerosa classe Windsurfer, al primo posto Fabio Schifilliti, al secondo Giuseppe Lombardo, al terzo Francesco La Fauci. Nella corrispondente classe femminile sul podio Amalia LoIacono, seguita da Cristina Viscuso e Miriam Gentiluomo.<\/p>\n\n\n\n<p>Nei windsurf classe open, primo classificato Alessio Marino, davanti ai fratelli Giovanni e Matteo Landi. Nella eterogenea classe derive, dove \u00e8 stato necessario inserire il meccanismo dei compensi, \u00e8 risultato vincitore Carlo Mencaroni su Finn, seguito da Mauro Prestipino su Tridente e da Pierpaolo Pagliaro su 470. Nella classe Sunfish, primo Antonio Liotta, secondo Davide Lavafila, terzo Orazio Bonanno. Ha vinto poi il trofeo per i catamarani Francesco Bonfiglio in equipaggio con Massimo Maiorana. Infine, con una bellissima barca, Adolfo Morelli ha vinto nella classe Vele Latine.<\/p>\n\n\n\n<p>La manifestazione \u00e8 stata patrocinata dall\u2019Assessorato regionale Sport, Turismo e Spettacolo, dall\u2019Assessorato regionale alle Attivit\u00e0 Produttive, dalla Marina Militare, dall\u2019Universit\u00e0 degli Studi di Messina e fa parte del calendario degli eventi del \u201cMEMAR \u2013 Messina Mese del Mare\u201d, promosso dall\u2019Assonautica provinciale di Messina, dal Comune di Messina e dalla Camera di Commercio di Messina.  <\/p>\n\n\n\n<p>\u201cMessina Mese del Mare \u2013 MEMAR 2023\u201d continua con la regata zonale classe optimist, Trofeo \u201cVele dello Stretto\u201d di sabato 17 giugno e con la gara di pesca a traina di domenica 18 giugno. <\/p>\n","protected":false},"excerpt":{"rendered":"<p>Un fine settimana all&#8217;insegna del mare, del sole e del vento al Village \u201cVele dello Stretto \u2013 MEMAR\u201d con gli ultimi appuntamenti previsti in programma: l&#8217;invito alla Vela e la grande regata dello Stretto. Sabato, i circoli velici della citt\u00e0 (Stretto360, Lega Navale, Circolo Tennis e Vela e Vela Mare \u201983) hanno messo a disposizione [&hellip;]<\/p>\n","protected":false},"author":8,"featured_media":159463,"comment_status":"open","ping_status":"open","sticky":false,"template":"","format":"standard","meta":{"ub_ctt_via":"","_mi_skip_tracking":false},"categories":[5],"tags":[7850],"featured_image_src":"https:\/\/www.messinaoggi.it\/website\/wp-content\/uploads\/2023\/06\/Vele-dello-Stretto-2023.png","author_info":{"display_name":"red..me","author_link":"https:\/\/www.messinaoggi.it\/website\/author\/redstage\/"},"digistream_id":0,"digistream":false,"_links":{"self":[{"href":"https:\/\/www.messinaoggi.it\/website\/wp-json\/wp\/v2\/posts\/159462"}],"collection":[{"href":"https:\/\/www.messinaoggi.it\/website\/wp-json\/wp\/v2\/posts"}],"about":[{"href":"https:\/\/www.messinaoggi.it\/website\/wp-json\/wp\/v2\/types\/post"}],"author":[{"embeddable":true,"href":"https:\/\/www.messinaoggi.it\/website\/wp-json\/wp\/v2\/users\/8"}],"replies":[{"embeddable":true,"href":"https:\/\/www.messinaoggi.it\/website\/wp-json\/wp\/v2\/comments?post=159462"}],"version-history":[{"count":1,"href":"https:\/\/www.messinaoggi.it\/website\/wp-json\/wp\/v2\/posts\/159462\/revisions"}],"predecessor-version":[{"id":159464,"href":"https:\/\/www.messinaoggi.it\/website\/wp-json\/wp\/v2\/posts\/159462\/revisions\/159464"}],"wp:featuredmedia":[{"embeddable":true,"href":"https:\/\/www.messinaoggi.it\/website\/wp-json\/wp\/v2\/media\/159463"}],"wp:attachment":[{"href":"https:\/\/www.messinaoggi.it\/website\/wp-json\/wp\/v2\/media?parent=159462"}],"wp:term":[{"taxonomy":"category","embeddable":true,"href":"https:\/\/www.messinaoggi.it\/website\/wp-json\/wp\/v2\/categories?post=159462"},{"taxonomy":"post_tag","embeddable":true,"href":"https:\/\/www.messinaoggi.it\/website\/wp-json\/wp\/v2\/tags?post=159462"}],"curies":[{"name":"wp","href":"https:\/\/api.w.org\/{rel}","templated":true}]}}