{"id":15940,"date":"2018-02-20T15:13:53","date_gmt":"2018-02-20T14:13:53","guid":{"rendered":"http:\/\/www.messinaoggi.it\/website\/?p=15940"},"modified":"2018-02-20T15:13:53","modified_gmt":"2018-02-20T14:13:53","slug":"parco-di-taormina-sfregiato-dallincuria","status":"publish","type":"post","link":"https:\/\/www.messinaoggi.it\/website\/2018\/02\/20\/parco-di-taormina-sfregiato-dallincuria\/","title":{"rendered":"Parco di Taormina &quot;sfregiato&quot; dall&#039;incuria"},"content":{"rendered":"<p>E\u2019 con grande preoccupazione e profonda delusione che l\u2019associazione \u201cTaormina obiettivo recupero\u201d, presieduta dall\u2019arch. Piero Arrigo, prende nota delle ulteriori recinzioni apposte alle \u201ctorrette\u201d del parco Giovanni Colonna Duca di Cesar\u00f2, ed alla chiusura dei bagni, al fine, comprensibile, di tutelare i visitatori dal pericolo di crolli.<br \/>\nCi\u00f2 che non \u00e8 comprensibile, n\u00e9 condivisibile, \u00e8 come si sia potuti arrivare al punto di dover ridurre drasticamente la possibilit\u00e0 di fruizione del parco senza che per anni si sia evitato di intervenire per risanare le torrette da tempo, come da molti pi\u00f9 volte segnalato, versanti in situazione critica.<br \/>\nNel dicembre 2016, tra l\u2019altro, codesta associazione ha consegnato al sindaco Eligio Giardina, presenti il presidente del Consiglio comunale, Antonio D\u2019Aveni, ed il dirigente dell\u2019Ufficio tecnico, Massimo Puglisi, una relazione descrittiva e fotografica dello stato di precariet\u00e0 e pericolo in cui continuavano a versare le \u00a0\u201cbeehives\u201d costruite a fine Ottocento da Florence Trevelyan Cacciola. Un pressante \u00a0invito all\u2019Amministrazione a farsi urgentemente parte attiva e diligente &#8211; di concerto con la Soprintendenza per i Beni culturali &#8211; nella messa in opera di un vasto e completo piano di ristrutturazione e messa in sicurezza delle torrette, reso assolutamente necessario ed improcrastinabile visto l\u2019alto livello di criticit\u00e0 e di pericolo di crollo.<br \/>\nIl 29 dicembre scorso su richiesta del \u00a0dirigente dell\u2019Ufficio tecnico Ing. Puglisi (per inserire nel bilancio triennale) sono stati consegnati\u00a0il Rilievo grafico della Torretta D (quella pi\u00f9 pericolosa) \u00a0ed un nota approssimativa di interventi urgenti da fare sulla medesima.<br \/>\nAdesso si \u00e8 arrivati a dover transennare le immaginifiche costruzioni concepite dalla benefattrice inglese per tutelare, giustamente, i visitatori. Quei pochi, oramai, che saranno invogliati a visitare un parco, un tempo gioiello di Taormina ed oggi reso sfregiato dall\u2019incuria e dall\u2019insipienza.<br \/>\n<strong>Mauro Romano<\/strong><div id=\"div-gpt-ad-Messinaoggi.it-DSK-300x250-corpoart\" style=\"text-align:center;margin:0 auto;\"><\/div><\/p>\n<div id=\"videoincontent\" style=\"clear:both\";><\/div>","protected":false},"excerpt":{"rendered":"<p>E\u2019 con grande preoccupazione e profonda delusione che l\u2019associazione \u201cTaormina obiettivo recupero\u201d, presieduta dall\u2019arch. Piero Arrigo, prende nota delle ulteriori recinzioni apposte alle \u201ctorrette\u201d del parco Giovanni Colonna Duca di Cesar\u00f2, ed alla chiusura dei bagni, al fine, comprensibile, di tutelare i visitatori dal pericolo di crolli. Ci\u00f2 che non \u00e8 comprensibile, n\u00e9 condivisibile, \u00e8 [&hellip;]<\/p>\n","protected":false},"author":2,"featured_media":15941,"comment_status":"closed","ping_status":"open","sticky":false,"template":"","format":"standard","meta":{"ub_ctt_via":"","_mi_skip_tracking":false},"categories":[3],"tags":[],"featured_image_src":"https:\/\/www.messinaoggi.it\/website\/wp-content\/uploads\/2018\/02\/IMG-20180220-WA0008-1.jpg","author_info":{"display_name":"Redazione","author_link":"https:\/\/www.messinaoggi.it\/website\/author\/redazione\/"},"digistream_id":0,"digistream":false,"_links":{"self":[{"href":"https:\/\/www.messinaoggi.it\/website\/wp-json\/wp\/v2\/posts\/15940"}],"collection":[{"href":"https:\/\/www.messinaoggi.it\/website\/wp-json\/wp\/v2\/posts"}],"about":[{"href":"https:\/\/www.messinaoggi.it\/website\/wp-json\/wp\/v2\/types\/post"}],"author":[{"embeddable":true,"href":"https:\/\/www.messinaoggi.it\/website\/wp-json\/wp\/v2\/users\/2"}],"replies":[{"embeddable":true,"href":"https:\/\/www.messinaoggi.it\/website\/wp-json\/wp\/v2\/comments?post=15940"}],"version-history":[{"count":0,"href":"https:\/\/www.messinaoggi.it\/website\/wp-json\/wp\/v2\/posts\/15940\/revisions"}],"wp:featuredmedia":[{"embeddable":true,"href":"https:\/\/www.messinaoggi.it\/website\/wp-json\/wp\/v2\/media\/15941"}],"wp:attachment":[{"href":"https:\/\/www.messinaoggi.it\/website\/wp-json\/wp\/v2\/media?parent=15940"}],"wp:term":[{"taxonomy":"category","embeddable":true,"href":"https:\/\/www.messinaoggi.it\/website\/wp-json\/wp\/v2\/categories?post=15940"},{"taxonomy":"post_tag","embeddable":true,"href":"https:\/\/www.messinaoggi.it\/website\/wp-json\/wp\/v2\/tags?post=15940"}],"curies":[{"name":"wp","href":"https:\/\/api.w.org\/{rel}","templated":true}]}}