{"id":159376,"date":"2023-06-15T15:19:37","date_gmt":"2023-06-15T13:19:37","guid":{"rendered":"http:\/\/www.messinaoggi.it\/website\/?p=159376"},"modified":"2023-06-15T15:29:26","modified_gmt":"2023-06-15T13:29:26","slug":"acr-messina-fumata-nera-sciotto-non-iscrive-il-club","status":"publish","type":"post","link":"https:\/\/www.messinaoggi.it\/website\/2023\/06\/15\/acr-messina-fumata-nera-sciotto-non-iscrive-il-club\/","title":{"rendered":"Acr Messina: fumata nera, Sciotto non iscrive il club"},"content":{"rendered":"\n<p>Il Presidente Pietro Sciotto ritiene opportuno intervenire per precisare alcuni aspetti importanti in un momento fondamentale per il futuro del Messina, riguardanti gli incontri in corso con Fabrizio Mannino che ha manifestato l\u2019interesse ad acquisire la societ\u00e0. <div id=\"div-gpt-ad-Messinaoggi.it-DSK-300x250-corpoart\" style=\"text-align:center;margin:0 auto;\"><\/div><\/p>\n\n\n\n<p>Dopo un primo contatto avvenuto luned\u00ec scorso, due giorni fa il presidente Sciotto si \u00e8 confrontato con i rappresentanti del signor Mannino, impossibilitato ad essere presente per un improvviso improrogabile impegno a Palermo. <div id=\"videoincontent\" style=\"clear:both\";><\/div><\/p>\n\n\n\n<p>Nello spirito della massima collaborazione, il presidente Pietro Sciotto ha esaminato una bozza di massima, scritta a penna, che prevedeva gli aspetti essenziali di un accordo mirato a concretizzare il passaggio di quote dell\u2019Acr Messina, riservandosi di valutarla per dare una risposta ieri e chiedendo, alla parte potenzialmente acquirente, di esibire adeguate garanzie al documento preparato in bozza. <\/p>\n\n\n\n<p>Purtroppo, dopo l\u2019ulteriore contatto avvenuto ieri, il signor Mannino non ha fornito alcuna garanzia e non ha sottoscritto alcun accordo, neppure preliminare, nemmeno sulle proposte da lui formulate. Pertanto, la trattativa pu\u00f2 considerarsi chiusa.<\/p>\n\n\n\n<p>Il presidente del Messina Pietro Sciotto, come affermato ripetutamente da tempo, e da ultimo lo scorso 24 maggio, con grande rammarico e dolore, non iscriver\u00e0 la squadra al prossimo campionato.<\/p>\n\n\n\n<figure class=\"wp-block-image\"><img alt=\"\"\/><\/figure>\n","protected":false},"excerpt":{"rendered":"<p>Il Presidente Pietro Sciotto ritiene opportuno intervenire per precisare alcuni aspetti importanti in un momento fondamentale per il futuro del Messina, riguardanti gli incontri in corso con Fabrizio Mannino che ha manifestato l\u2019interesse ad acquisire la societ\u00e0. Dopo un primo contatto avvenuto luned\u00ec scorso, due giorni fa il presidente Sciotto si \u00e8 confrontato con i [&hellip;]<\/p>\n","protected":false},"author":15,"featured_media":155682,"comment_status":"open","ping_status":"open","sticky":false,"template":"","format":"standard","meta":{"ub_ctt_via":"","_mi_skip_tracking":false},"categories":[10,19,9],"tags":[24,6810,6806,7960,99],"featured_image_src":"https:\/\/www.messinaoggi.it\/website\/wp-content\/uploads\/2023\/05\/Sciotto-consegna-2.png","author_info":{"display_name":"red.me","author_link":"https:\/\/www.messinaoggi.it\/website\/author\/red-me\/"},"digistream_id":0,"digistream":false,"_links":{"self":[{"href":"https:\/\/www.messinaoggi.it\/website\/wp-json\/wp\/v2\/posts\/159376"}],"collection":[{"href":"https:\/\/www.messinaoggi.it\/website\/wp-json\/wp\/v2\/posts"}],"about":[{"href":"https:\/\/www.messinaoggi.it\/website\/wp-json\/wp\/v2\/types\/post"}],"author":[{"embeddable":true,"href":"https:\/\/www.messinaoggi.it\/website\/wp-json\/wp\/v2\/users\/15"}],"replies":[{"embeddable":true,"href":"https:\/\/www.messinaoggi.it\/website\/wp-json\/wp\/v2\/comments?post=159376"}],"version-history":[{"count":1,"href":"https:\/\/www.messinaoggi.it\/website\/wp-json\/wp\/v2\/posts\/159376\/revisions"}],"predecessor-version":[{"id":159377,"href":"https:\/\/www.messinaoggi.it\/website\/wp-json\/wp\/v2\/posts\/159376\/revisions\/159377"}],"wp:featuredmedia":[{"embeddable":true,"href":"https:\/\/www.messinaoggi.it\/website\/wp-json\/wp\/v2\/media\/155682"}],"wp:attachment":[{"href":"https:\/\/www.messinaoggi.it\/website\/wp-json\/wp\/v2\/media?parent=159376"}],"wp:term":[{"taxonomy":"category","embeddable":true,"href":"https:\/\/www.messinaoggi.it\/website\/wp-json\/wp\/v2\/categories?post=159376"},{"taxonomy":"post_tag","embeddable":true,"href":"https:\/\/www.messinaoggi.it\/website\/wp-json\/wp\/v2\/tags?post=159376"}],"curies":[{"name":"wp","href":"https:\/\/api.w.org\/{rel}","templated":true}]}}