{"id":15937,"date":"2018-02-20T14:44:59","date_gmt":"2018-02-20T13:44:59","guid":{"rendered":"http:\/\/www.messinaoggi.it\/website\/?p=15937"},"modified":"2018-02-20T14:44:59","modified_gmt":"2018-02-20T13:44:59","slug":"patrizia-zangla-presenta-il-suo-nuovo-saggio-i-neri-e-i-rossi-le-trame-segrete-il-caso-moro","status":"publish","type":"post","link":"https:\/\/www.messinaoggi.it\/website\/2018\/02\/20\/patrizia-zangla-presenta-il-suo-nuovo-saggio-i-neri-e-i-rossi-le-trame-segrete-il-caso-moro\/","title":{"rendered":"Patrizia Zangla presenta il suo nuovo saggio: I neri e i rossi, le trame segrete, il caso Moro"},"content":{"rendered":"<p>Domenica, alle ore 18.00, nel suggestivo scenario dell\u2019Auditorium\u00a0 San Vito , avr\u00e0 luogo la presentazione del volume di Patrizia Zangla dal titolo\u00a0 I NERI E I ROSSI: LE TRAME SEGRETE, 1964 \u2013 1982: la strategia della tensione,\u00a0 le Brigate Rosse, Il Caso Moro.\u00a0 Introdurr\u00e0 l\u2019evento Annamaria Imondi.<br \/>\nLa presentazione, pur narrando fatti storici risalenti agli Anni di Piombo, anni che hanno scritto le pagine pi\u00f9 buie della nostra storia, \u00a0si svolger\u00e0 come\u00a0 fosse uno spettacolo\u00a0 teatrale \u00a0impreziosita dalle letture dell\u2019autrice Patrizia Zangla a cui seguiranno\u00a0 gli attori Stefano Impallomeni, Salvo Sacco, Ivan Bertolami, Claudia Gemelli, Paola Gemelli, Giulia Mazzeo, Stefano Stagno, Riccardo Rao e Michele Rotella. \u00a0E poi ancora un grande momento di danza interpretato\u00a0 da Alessia Biondo e un momento canoro\u00a0 impreziosito dalla splendida voce di Viviana Battista; il tutto sapientemente impreziosito dalla musica del Maestro\u00a0 Giovanni San Giovanni.<br \/>\nUna serata densa di forti emozioni, dunque, \u00a0\u00a0che ci offrir\u00e0 spunti per leggere la storia\u00a0 con occhi nuovi affinch\u00e9 ci\u00f2 che \u00e8 stato non si ripeta mai pi\u00f9.<div id=\"div-gpt-ad-Messinaoggi.it-DSK-300x250-corpoart\" style=\"text-align:center;margin:0 auto;\"><\/div><\/p>\n<div id=\"videoincontent\" style=\"clear:both\";><\/div>","protected":false},"excerpt":{"rendered":"<p>Domenica, alle ore 18.00, nel suggestivo scenario dell\u2019Auditorium\u00a0 San Vito , avr\u00e0 luogo la presentazione del volume di Patrizia Zangla dal titolo\u00a0 I NERI E I ROSSI: LE TRAME SEGRETE, 1964 \u2013 1982: la strategia della tensione,\u00a0 le Brigate Rosse, Il Caso Moro.\u00a0 Introdurr\u00e0 l\u2019evento Annamaria Imondi. La presentazione, pur narrando fatti storici risalenti agli [&hellip;]<\/p>\n","protected":false},"author":5,"featured_media":15938,"comment_status":"closed","ping_status":"open","sticky":false,"template":"","format":"standard","meta":{"ub_ctt_via":"","_mi_skip_tracking":false},"categories":[16],"tags":[],"featured_image_src":"https:\/\/www.messinaoggi.it\/website\/wp-content\/uploads\/2018\/02\/PatriziaZangla-1.jpg","author_info":{"display_name":"Maria Antonella Saia","author_link":"https:\/\/www.messinaoggi.it\/website\/author\/m-saia\/"},"digistream_id":0,"digistream":false,"_links":{"self":[{"href":"https:\/\/www.messinaoggi.it\/website\/wp-json\/wp\/v2\/posts\/15937"}],"collection":[{"href":"https:\/\/www.messinaoggi.it\/website\/wp-json\/wp\/v2\/posts"}],"about":[{"href":"https:\/\/www.messinaoggi.it\/website\/wp-json\/wp\/v2\/types\/post"}],"author":[{"embeddable":true,"href":"https:\/\/www.messinaoggi.it\/website\/wp-json\/wp\/v2\/users\/5"}],"replies":[{"embeddable":true,"href":"https:\/\/www.messinaoggi.it\/website\/wp-json\/wp\/v2\/comments?post=15937"}],"version-history":[{"count":0,"href":"https:\/\/www.messinaoggi.it\/website\/wp-json\/wp\/v2\/posts\/15937\/revisions"}],"wp:featuredmedia":[{"embeddable":true,"href":"https:\/\/www.messinaoggi.it\/website\/wp-json\/wp\/v2\/media\/15938"}],"wp:attachment":[{"href":"https:\/\/www.messinaoggi.it\/website\/wp-json\/wp\/v2\/media?parent=15937"}],"wp:term":[{"taxonomy":"category","embeddable":true,"href":"https:\/\/www.messinaoggi.it\/website\/wp-json\/wp\/v2\/categories?post=15937"},{"taxonomy":"post_tag","embeddable":true,"href":"https:\/\/www.messinaoggi.it\/website\/wp-json\/wp\/v2\/tags?post=15937"}],"curies":[{"name":"wp","href":"https:\/\/api.w.org\/{rel}","templated":true}]}}