{"id":159255,"date":"2023-06-15T09:00:00","date_gmt":"2023-06-15T07:00:00","guid":{"rendered":"http:\/\/www.messinaoggi.it\/website\/?p=159255"},"modified":"2023-06-14T23:29:06","modified_gmt":"2023-06-14T21:29:06","slug":"acr-messina-fumata-bianca-mannino-e-sciotto-si-vedono","status":"publish","type":"post","link":"https:\/\/www.messinaoggi.it\/website\/2023\/06\/15\/acr-messina-fumata-bianca-mannino-e-sciotto-si-vedono\/","title":{"rendered":"Acr Messina: fumata bianca?  Mannino e Sciotto si vedono"},"content":{"rendered":"\n<p>\u00c8 forse arrivata la fumata bianca per l&#8217;Acr Messina? Sar\u00e0 <strong>Fabrizio Mannino <\/strong>il nuovo proprietario del club biancoscudato?<div id=\"div-gpt-ad-Messinaoggi.it-DSK-300x250-corpoart\" style=\"text-align:center;margin:0 auto;\"><\/div><\/p>\n\n\n\n<p>\u00c8 difficile dirlo su due piedi, ma la trattativa sembra a buon punto e potrebbe andare in porto. Ieri mattina, a Palazzo Zanca, si sono incontrati il Sindaco<strong> Federico Basile <\/strong>e l&#8217;armatore di origine palermitana, per parlare non solo di Acr Messina, ma anche dell&#8217;intenzione di portare nella Citt\u00e0 dello Stretto una serie di investitori riuniti in un fondo per creare un polo di alta tecnologia, telefonia e informatica, come nelle grandi citt\u00e0. Mannino avrebbe trovato una sede per questa nuova realt\u00e0 e per il club peloritano.<div id=\"videoincontent\" style=\"clear:both\";><\/div><\/p>\n\n\n\n<figure class=\"wp-block-image size-large is-resized\"><img loading=\"lazy\" src=\"http:\/\/www.messinaoggi.it\/website\/wp-content\/uploads\/2023\/06\/Mannino-2.jpg\" alt=\"Acr Messina: fumata bianca\" class=\"wp-image-159256\" width=\"531\" height=\"654\" srcset=\"https:\/\/www.messinaoggi.it\/website\/wp-content\/uploads\/2023\/06\/Mannino-2.jpg 410w, https:\/\/www.messinaoggi.it\/website\/wp-content\/uploads\/2023\/06\/Mannino-2-244x300.jpg 244w\" sizes=\"(max-width: 531px) 100vw, 531px\" \/><figcaption>Fabrizio Mannino con la kandura e la ghutra arabe<\/figcaption><\/figure>\n\n\n\n<p>Sembrano passati velocemente i giorni in cui il Presidente Pietro Sciotto smentiva ogni trattativa derubricando tutto a nulla di serio. Stavolta la trattativa sembra esserci davvero. Lo dimostrerebbe la presenza di Mannino al Comune e la sua intenzione di fare seriamente. Ma ieri pomeriggio sembra anche che il Presidente e il suo papabile successore si siano incontrati e che ci sia un&#8217;intesa di massima. Centrale il ruolo di mediatore del Sindaco. <\/p>\n\n\n\n<p>Secondo indiscrezioni il manager palermitano di origine voleva chiudere gi\u00e0 in questa occasione, e non sappiamo se c&#8217;\u00e8 gi\u00e0 stato\u00a0l&#8217;accordo. Vige un patto di riservatezza difficile da scalfire. Mannino non ha rilasciato dichiarazioni, in ossequio agli accordi.<\/p>\n\n\n\n<p>In caso contrario per\u00f2, la trattativa sembra andare avanti, e quindi potrebbero esserci comunque nuovi incontri. Si parla della possibilit\u00e0 che nel breve periodo Sciotto resti come socio minoritario, a garanzia dell&#8217;iscrizione al campionato di Serie C, perch\u00e9 i tempi sono stretti.<\/p>\n\n\n\n<p>Solo Sciotto sembra al momento essere nella responsabilit\u00e0, nei tempi e nelle possibilit\u00e0 di rispettare le scadenze. In seguito, se Mannino onorer\u00e0 gli accordi, acquisir\u00e0 tutte le quote. \u00a0Gioved\u00ec 15 giugno, il Messina invier\u00e0 a Firenze, in Lega Calcio, la licenza per l&#8217;uso dello stadio &#8220;San Filippo&#8221;. Importante il lavoro effettuato dal segretario generale <strong>Alessandro Failla.<\/strong> Si chiarir\u00e0 anche la questione stadio di riserva.<\/p>\n\n\n\n<p>Il 16 giugno Pietro Sciotto provveder\u00e0 a saldare stipendi e contributi. Il 20 giugno in lega a Firenze giungeranno tutti gli incartamenti necessari. Il Messina sar\u00e0 iscritto al campionato. Successivamente, entro una data prestabilita, Fabrizio Mannino dovr\u00e0 saldare tutte le spese appena dette, non solo il valore delle quote della societ\u00e0.<\/p>\n\n\n\n<p>Al momento quindi, l&#8217;imprenditore romano del ramo cinematografico, Manuele Ilari, sembra destinato a uscire di scena, o comunque al momento resta dietro l&#8217;imprenditore torinese con affari a Dubai abituato a vestire con la kandura e la ghutra tipiche arabe, ma che \u00e8 giunto al Comune con giacca e cravatta.<\/p>\n\n\n\n<p><strong>Michele Bruno.<\/strong><\/p>\n","protected":false},"excerpt":{"rendered":"<p>\u00c8 forse arrivata la fumata bianca per l&#8217;Acr Messina? Sar\u00e0 Fabrizio Mannino il nuovo proprietario del club biancoscudato? \u00c8 difficile dirlo su due piedi, ma la trattativa sembra a buon punto e potrebbe andare in porto. Ieri mattina, a Palazzo Zanca, si sono incontrati il Sindaco Federico Basile e l&#8217;armatore di origine palermitana, per parlare [&hellip;]<\/p>\n","protected":false},"author":123457,"featured_media":159257,"comment_status":"open","ping_status":"open","sticky":false,"template":"","format":"standard","meta":{"ub_ctt_via":"","_mi_skip_tracking":false},"categories":[10,9],"tags":[24,6810,7918,6806,7960,99,7325],"featured_image_src":"https:\/\/www.messinaoggi.it\/website\/wp-content\/uploads\/2023\/06\/Mannino-1.jpg","author_info":{"display_name":"Michele Bruno","author_link":"https:\/\/www.messinaoggi.it\/website\/author\/michele-bruno\/"},"digistream_id":0,"digistream":false,"_links":{"self":[{"href":"https:\/\/www.messinaoggi.it\/website\/wp-json\/wp\/v2\/posts\/159255"}],"collection":[{"href":"https:\/\/www.messinaoggi.it\/website\/wp-json\/wp\/v2\/posts"}],"about":[{"href":"https:\/\/www.messinaoggi.it\/website\/wp-json\/wp\/v2\/types\/post"}],"author":[{"embeddable":true,"href":"https:\/\/www.messinaoggi.it\/website\/wp-json\/wp\/v2\/users\/123457"}],"replies":[{"embeddable":true,"href":"https:\/\/www.messinaoggi.it\/website\/wp-json\/wp\/v2\/comments?post=159255"}],"version-history":[{"count":1,"href":"https:\/\/www.messinaoggi.it\/website\/wp-json\/wp\/v2\/posts\/159255\/revisions"}],"predecessor-version":[{"id":159258,"href":"https:\/\/www.messinaoggi.it\/website\/wp-json\/wp\/v2\/posts\/159255\/revisions\/159258"}],"wp:featuredmedia":[{"embeddable":true,"href":"https:\/\/www.messinaoggi.it\/website\/wp-json\/wp\/v2\/media\/159257"}],"wp:attachment":[{"href":"https:\/\/www.messinaoggi.it\/website\/wp-json\/wp\/v2\/media?parent=159255"}],"wp:term":[{"taxonomy":"category","embeddable":true,"href":"https:\/\/www.messinaoggi.it\/website\/wp-json\/wp\/v2\/categories?post=159255"},{"taxonomy":"post_tag","embeddable":true,"href":"https:\/\/www.messinaoggi.it\/website\/wp-json\/wp\/v2\/tags?post=159255"}],"curies":[{"name":"wp","href":"https:\/\/api.w.org\/{rel}","templated":true}]}}