{"id":159245,"date":"2023-06-14T20:20:48","date_gmt":"2023-06-14T18:20:48","guid":{"rendered":"http:\/\/www.messinaoggi.it\/website\/?p=159245"},"modified":"2023-06-14T20:20:50","modified_gmt":"2023-06-14T18:20:50","slug":"festa-s-antonio-tutto-quello-che-ce-da-sapere","status":"publish","type":"post","link":"https:\/\/www.messinaoggi.it\/website\/2023\/06\/14\/festa-s-antonio-tutto-quello-che-ce-da-sapere\/","title":{"rendered":"Festa S. Antonio, tutto quello che c&#8217;\u00e8 da sapere"},"content":{"rendered":"\n<p>Oggi, a Palazzo Zanca, alla presenza del sindaco Federico Basile e dell\u2019assessore alla Cultura Vincenzo Caruso, \u00e8 stato illustrato  il calendario delle manifestazioni religiose e civili in onore di S. Antonio di Padova, nell\u2019ambito della \u201cNotte bianca per S. Antonio\u201d e della tradizionale Processione del Carro Trionfale. L\u2019evento, promosso dal rettore della Basilica padre Mario Magro e condiviso dall\u2019Amministrazione comunale, prevede numerose iniziative con il contributo organizzativo dell\u2019assessore Massimo Finocchiaro.<br>\u201cLa Notte bianca per S. Antonio \u2013 ha spiegato il sindaco Basile \u2013 \u00e8 un appuntamento solenne ed unico che consente a visitatori, cittadini e turisti di vivere serate di gioia e socializzazione nel segno della fede e della tradizione nel nome del grande Santo taumaturgo. Sono particolarmente legato a questo evento, poich\u00e9 l\u2019anno scorso \u00e8 coinciso con la mia proclamazione a sindaco della citt\u00e0 di Messina. Fede e religione, ma anche musica, spettacoli, arte, sport, cultura, degustazioni e artigianato caratterizzano queste giornate, favorendo una crescita culturale e sociale per un\u2019ulteriore spinta al rilancio del nostro territorio\u201d.<br>\u201cMigliaia di persone \u2013 ha proseguito l\u2019assessore Caruso \u2013 avranno la possibilit\u00e0 di visitare i musei della Basilica di Sant\u2019Antonio, il chiostro della chiesa dello Spirito Santo e della Madonna del Carmine, che fanno parte del ricco patrimonio culturale della nostra Messina. La tradizione fa parte della cultura e dell\u2019identit\u00e0 di una comunit\u00e0 e i festeggiamenti in onore di Sant\u2019Antonio rappresentano uno dei momenti pi\u00f9 importanti vissuti nella nostra citt\u00e0. Si aggiunga inoltre il grande ritorno legato ai turisti che con emotivit\u00e0 e trasporto seguono le fasi della Processione e gli eventi ad essa collegati\u201d. Padre Magro, nel ringraziare tutti coloro che hanno collaborato all\u2019organizzazione degli eventi, ha presentato il programma della manifestazione.<div id=\"div-gpt-ad-Messinaoggi.it-DSK-300x250-corpoart\" style=\"text-align:center;margin:0 auto;\"><\/div><\/p>\n\n\n\n<figure class=\"wp-block-image\"><a href=\"https:\/\/comune.messina.it\/wp-content\/uploads\/2023\/06\/2-9-scaled.jpg\" target=\"_blank\" rel=\"noreferrer noopener\"><img src=\"https:\/\/comune.messina.it\/wp-content\/uploads\/2023\/06\/2-9-300x225.jpg\" alt=\"\"\/><\/a><\/figure>\n\n\n\n<p>Per consentire lo svolgimento della \u201cNotte Bianca per S. Antonio\u201d, prevista dalle ore 20 all\u20191 di notte, dalle 15 di sabato 17 alle 2 di domenica 18, sar\u00e0 vietata la sosta sul lato est di via C. Battisti, tra viale Europa e via Camiciotti; su entrambi i lati della via S. Cecilia, tra via Arig\u00f2 e viale S. Martino; A. Martino, tra piazza Lo Sardo e via S. Cecilia; delle vie Merli e Refugio; delle vie Ghibellina, tra viale Europa e via N. Bixio; Geraci, tra le vie C. Battisti e Centonze; S. Maria del Selciato, tra le vie S. Paolino e A. Martino; L. Manara, tra le vie A. Martino e Ghibellina; Centonze, tra le vie A. Saffi e N. Bixio; Risorgimento, tra le vie A. Saffi e N. Bixio; Citarella, tra le vie C. Battisti e Ghibellina; ed entrambi i lati della strada adiacente il lato nord della villetta Zaera, nel tratto compreso tra le vie Battisti e Ghibellina. Dalle 8 di sabato 17 alle 24 di domenica 18, il divieto di sosta, con zona rimozione coatta, viger\u00e0 anche in piazza Annibale Maria di Francia (prolungamento di via N. Bixio), tra le vie C. Battisti e A. Martino; N. Bixio, tra le vie Ghibellina e C. Battisti. Dalle 8 di sabato 17 alle 24 di domenica 18, sar\u00e0 vietato il transito veicolare in piazza Annibale di Francia (prolungamento di via N. Bixio), tra le vie C. Battisti e A. Martino; dalle 8 di sabato 17 alle 8 di domenica 18, in tutta l\u2019area di largo Avignone; dalle 15 di sabato 17 alle 24 di domenica 18, in via N. Bixio, nel tratto compreso tra le vie Ghibellina e Battisti; dalle 15 di sabato 17 alle 2 di domenica 18, in via Saffi, nel tratto compreso tra le vie Ghibellina e Battisti; dalle 20.30 di sabato 17 alle 2 di domenica 18, in via Saffi, tra le vie Centonze e Ghibellina; dalle 20.30 di sabato 17 alle 2 di domenica 18 nelle vie C. Battisti, nel tratto compreso tra viale Europa e via Camiciotti; Merli; Refugio; piazza Spirito Santo; Ghibellina, nel tratto compreso tra viale Europa e via N. Bixio; Geraci, tratto compreso tra le vie Centonze e Battisti; S. Cecilia, nel tratto compreso tra via Arig\u00f2 e viale S. Martino; A. Martino, nel tratto compreso tra via S. Cecilia e piazza Sardo; S. Maria del Selciato, nel tratto compreso tra le vie S. Paolino e A. Martino; L. Manara, nel tratto compreso tra le vie A. Martino e Ghibellina; Centonze, nel tratto compreso tra le vie A. Saffi e N. Bixio; Risorgimento, nel tratto compreso tra le vie A. Saffi e N. Bixio; Citarella, nel tratto compreso tra le vie C. Battisti e Ghibellina; nella strada adiacente il lato nord della villetta Zaera, nel tratto compreso tra le vie Battisti e Ghibellina; lo svolgimento della manifestazione prevede anche l\u2019utilizzo dell\u2019area pedonale di viale San Martino nel tratto compreso tra via S. Cecilia e piazza Cairoli e dell\u2019area pedonale di piazza Cairoli, con previsione della sospensione del servizio tranviario al fine di consentire, in sicurezza, la stessa manifestazione; dalle ore 20.30 di sabato 17 alle 2 di domenica 18 istituire il senso unico di circolazione in direzione di marcia ovest-est (monte-mare) in via Cernaia (fruibile da tutta l\u2019utenza); il senso unico di circolazione in direzione di marcia sud-nord in via A. Martino, nel tratto compreso tra via S. Maria del Selciato e piazza Lo Sardo, esclusivamente a servizio delle Forze dell\u2019Ordine (come la Caserma \u201cCalipari\u201d) e di eventuali veicoli di pronto soccorso ed in servizio di emergenza.<div id=\"videoincontent\" style=\"clear:both\";><\/div><\/p>\n\n\n\n<figure class=\"wp-block-image\"><a href=\"https:\/\/comune.messina.it\/wp-content\/uploads\/2023\/06\/3-5.jpg\" target=\"_blank\" rel=\"noreferrer noopener\"><img src=\"https:\/\/comune.messina.it\/wp-content\/uploads\/2023\/06\/3-5-300x212.jpg\" alt=\"\"\/><\/a><\/figure>\n\n\n\n<p>Domenica 18, alle ore 19, prender\u00e0 il via la solenne Processione del Carro Trionfale, che da via Ghibellina, Santuario di Sant\u2019Antonio, si snoder\u00e0 attraverso le vie S. Cecilia, C. Battisti, T. Cannizzaro, piazza Cairoli, viale San Martino (carreggiata ovest) e via S. Cecilia con rientro al Santuario.<br>Istituire, dalle ore 15 alle 24 di domenica 18, il divieto di sosta con zona rimozione coatta, in entrambi i lati delle vie S. Cecilia, nel tratto compreso tra via Arig\u00f2 e viale S. Martino; Ghibellina, nel tratto compreso tra le vie Geraci e N. Bixio; lato est di via C. Battisti, nel tratto compreso tra le vie Geraci e Cannizzaro; lato sud di via Cannizzaro, nel tratto compreso tra via Battisti e piazza Cairoli; entrambi i lati di via A. Martino, nel tratto compreso tra piazza Lo Sardo e via S. Cecilia; via A. Saffi, nel tratto compreso tra le vie Centonze e Battisti; istituire, dalle 18 alle 24 di domenica, e comunque su disposizione delle Forze dell\u2019Ordine preposte allo specifico servizio, il divieto di transito veicolare nelle seguenti strade: via S. Cecilia, nel tratto compreso tra le vie Arig\u00f2 e Battisti; via Battisti, nel tratto compreso tra le vie Geraci e Cannizzaro, provvedendo ad interdire l\u2019accesso agli autobus alla corsia ovest della stessa via Battisti (direzione di marcia nord-sud) in corrispondenza dell\u2019intersezione con via Cannizzaro ed istituendo la direzione obbligatoria a sinistra nella corsia ovest della via Battisti (direzione di marcia nord-sud) ad intersezione con via Maddalena, con collocazione di transenna; via A. Martino, nel tratto compreso tra le vie Manara e S. Cecilia; via Geraci, semicarreggiata in direzione di marcia valle-monte, nel tratto compreso tra le vie Centonze e Battisti; via Saffi, nel tratto compreso tra le vie Centonze e Battisti; via N. Bixio, nel tratto compreso tra le vie Ghibellina e A. Martino; via Ghibellina, nel tratto compreso tra le vie Geraci e N. Bixio; via Centonze, nel tratto compreso tra le vie Saffi e Bixio; via Risorgimento, nel tratto compreso tra le vie Saffi e N. Bixio; istituire, dalle 19 alle 21.30 e comunque sino al passaggio della coda della processione, il divieto di transito veicolare, lungo tutti gli altri tratti di strada che costituiscono il percorso della processione (via C. Battisti tratto compreso tra le vie S. Cecilia e Cannizzaro, via Cannizzaro, tratto compreso tra via Battisti e piazza Cairoli, via S. Cecilia tratto compreso tra viale S. Martino e via Battisti; in tutti i tratti terminale delle strade che si immettono nel suddetto percorso della processione; all\u2019interno dell\u2019area circoscritta dal perimetro percorso dalla processione. Al fine di garantire lo svolgimento, in sicurezza, della suddetta manifestazione, \u00e8 prevista la collocazione di barriere antisfondamento con il posizionamento di veicoli sia sabato 17 che domenica 18.<\/p>\n","protected":false},"excerpt":{"rendered":"<p>Oggi, a Palazzo Zanca, alla presenza del sindaco Federico Basile e dell\u2019assessore alla Cultura Vincenzo Caruso, \u00e8 stato illustrato il calendario delle manifestazioni religiose e civili in onore di S. Antonio di Padova, nell\u2019ambito della \u201cNotte bianca per S. Antonio\u201d e della tradizionale Processione del Carro Trionfale. L\u2019evento, promosso dal rettore della Basilica padre Mario [&hellip;]<\/p>\n","protected":false},"author":2,"featured_media":159246,"comment_status":"open","ping_status":"open","sticky":false,"template":"","format":"standard","meta":{"ub_ctt_via":"","_mi_skip_tracking":false},"categories":[5],"tags":[2733,2972,8092],"featured_image_src":"https:\/\/www.messinaoggi.it\/website\/wp-content\/uploads\/2023\/06\/1-13-scaled-1.jpg","author_info":{"display_name":"Redazione","author_link":"https:\/\/www.messinaoggi.it\/website\/author\/redazione\/"},"digistream_id":0,"digistream":false,"_links":{"self":[{"href":"https:\/\/www.messinaoggi.it\/website\/wp-json\/wp\/v2\/posts\/159245"}],"collection":[{"href":"https:\/\/www.messinaoggi.it\/website\/wp-json\/wp\/v2\/posts"}],"about":[{"href":"https:\/\/www.messinaoggi.it\/website\/wp-json\/wp\/v2\/types\/post"}],"author":[{"embeddable":true,"href":"https:\/\/www.messinaoggi.it\/website\/wp-json\/wp\/v2\/users\/2"}],"replies":[{"embeddable":true,"href":"https:\/\/www.messinaoggi.it\/website\/wp-json\/wp\/v2\/comments?post=159245"}],"version-history":[{"count":1,"href":"https:\/\/www.messinaoggi.it\/website\/wp-json\/wp\/v2\/posts\/159245\/revisions"}],"predecessor-version":[{"id":159247,"href":"https:\/\/www.messinaoggi.it\/website\/wp-json\/wp\/v2\/posts\/159245\/revisions\/159247"}],"wp:featuredmedia":[{"embeddable":true,"href":"https:\/\/www.messinaoggi.it\/website\/wp-json\/wp\/v2\/media\/159246"}],"wp:attachment":[{"href":"https:\/\/www.messinaoggi.it\/website\/wp-json\/wp\/v2\/media?parent=159245"}],"wp:term":[{"taxonomy":"category","embeddable":true,"href":"https:\/\/www.messinaoggi.it\/website\/wp-json\/wp\/v2\/categories?post=159245"},{"taxonomy":"post_tag","embeddable":true,"href":"https:\/\/www.messinaoggi.it\/website\/wp-json\/wp\/v2\/tags?post=159245"}],"curies":[{"name":"wp","href":"https:\/\/api.w.org\/{rel}","templated":true}]}}