{"id":15917,"date":"2018-02-20T09:37:10","date_gmt":"2018-02-20T08:37:10","guid":{"rendered":"http:\/\/www.messinaoggi.it\/website\/?p=15917"},"modified":"2018-02-20T09:37:10","modified_gmt":"2018-02-20T08:37:10","slug":"san-saba-riparato-il-guasto-al-depuratore","status":"publish","type":"post","link":"https:\/\/www.messinaoggi.it\/website\/2018\/02\/20\/san-saba-riparato-il-guasto-al-depuratore\/","title":{"rendered":"San Saba, riparato il guasto al depuratore"},"content":{"rendered":"<p>Su segnalazione dei consiglieri della VI Circoscrizione del Comune di\u00a0Messina, i tecnici di Amam sono intervenuti &#8220;per ripristinare immediatamente la piena funzionalit\u00e0 del depuratore di S. Saba, nella zona tirrenica, a nord della citt\u00e0&#8221;. Dopo un paio d&#8217;ore di lavoro sull&#8217;impianto, l&#8217;attivit\u00e0 del depuratore \u00e8 tornata regolare.<div id=\"div-gpt-ad-Messinaoggi.it-DSK-300x250-corpoart\" style=\"text-align:center;margin:0 auto;\"><\/div><\/p>\n<div id=\"videoincontent\" style=\"clear:both\";><\/div>","protected":false},"excerpt":{"rendered":"<p>Su segnalazione dei consiglieri della VI Circoscrizione del Comune di\u00a0Messina, i tecnici di Amam sono intervenuti &#8220;per ripristinare immediatamente la piena funzionalit\u00e0 del depuratore di S. Saba, nella zona tirrenica, a nord della citt\u00e0&#8221;. Dopo un paio d&#8217;ore di lavoro sull&#8217;impianto, l&#8217;attivit\u00e0 del depuratore \u00e8 tornata regolare.<\/p>\n","protected":false},"author":2,"featured_media":1679,"comment_status":"closed","ping_status":"open","sticky":false,"template":"","format":"standard","meta":{"ub_ctt_via":"","_mi_skip_tracking":false},"categories":[5],"tags":[],"featured_image_src":"https:\/\/www.messinaoggi.it\/website\/wp-content\/uploads\/2017\/06\/Amam-sede-2.jpg","author_info":{"display_name":"Redazione","author_link":"https:\/\/www.messinaoggi.it\/website\/author\/redazione\/"},"digistream_id":0,"digistream":false,"_links":{"self":[{"href":"https:\/\/www.messinaoggi.it\/website\/wp-json\/wp\/v2\/posts\/15917"}],"collection":[{"href":"https:\/\/www.messinaoggi.it\/website\/wp-json\/wp\/v2\/posts"}],"about":[{"href":"https:\/\/www.messinaoggi.it\/website\/wp-json\/wp\/v2\/types\/post"}],"author":[{"embeddable":true,"href":"https:\/\/www.messinaoggi.it\/website\/wp-json\/wp\/v2\/users\/2"}],"replies":[{"embeddable":true,"href":"https:\/\/www.messinaoggi.it\/website\/wp-json\/wp\/v2\/comments?post=15917"}],"version-history":[{"count":0,"href":"https:\/\/www.messinaoggi.it\/website\/wp-json\/wp\/v2\/posts\/15917\/revisions"}],"wp:featuredmedia":[{"embeddable":true,"href":"https:\/\/www.messinaoggi.it\/website\/wp-json\/wp\/v2\/media\/1679"}],"wp:attachment":[{"href":"https:\/\/www.messinaoggi.it\/website\/wp-json\/wp\/v2\/media?parent=15917"}],"wp:term":[{"taxonomy":"category","embeddable":true,"href":"https:\/\/www.messinaoggi.it\/website\/wp-json\/wp\/v2\/categories?post=15917"},{"taxonomy":"post_tag","embeddable":true,"href":"https:\/\/www.messinaoggi.it\/website\/wp-json\/wp\/v2\/tags?post=15917"}],"curies":[{"name":"wp","href":"https:\/\/api.w.org\/{rel}","templated":true}]}}