{"id":159154,"date":"2023-06-14T11:35:17","date_gmt":"2023-06-14T09:35:17","guid":{"rendered":"http:\/\/www.messinaoggi.it\/website\/?p=159154"},"modified":"2023-06-14T11:36:38","modified_gmt":"2023-06-14T09:36:38","slug":"acqua-non-potabile-in-centro-intervengono-i-consiglieri","status":"publish","type":"post","link":"https:\/\/www.messinaoggi.it\/website\/2023\/06\/14\/acqua-non-potabile-in-centro-intervengono-i-consiglieri\/","title":{"rendered":"Acqua non potabile in centro? intervengono i consiglieri"},"content":{"rendered":"\n<p>Il Consigliere Comunale <strong>Dario Carbone <\/strong>di \u201cFratelli d\u2019Italia\u201d e la Vice Presidente della IV Municipalit\u00e0 <strong>Debora Buda<\/strong> intervengono sui problemi riscontrati alla condotta idrica che ha comportato la sospensione dell\u2019uso potabile dell\u2019acqua nella zona del centro chiedendo ai vertici di AMAM ed al Sindaco di Messina di riferire prima possibile all\u2019Aula sui potenziali rischi per la salute e l\u2019incolumit\u00e0 pubblica dei cittadini.<div id=\"div-gpt-ad-Messinaoggi.it-DSK-300x250-corpoart\" style=\"text-align:center;margin:0 auto;\"><\/div><\/p>\n\n\n\n<p>\u201cPremettiamo che non vogliamo causare allarmismo tra i cittadini messinesi ed auspichiamo che le indagini in corso di svolgimento scongiurino problemi per la salute e l\u2019incolumit\u00e0 pubblica dei cittadini\u201d hanno dichiarato Carbone e Buda.<div id=\"videoincontent\" style=\"clear:both\";><\/div><\/p>\n\n\n\n<p>\u201cRiteniamo opportuno per\u00f2, considerato che pare che le segnalazioni circa il cattivo odore e l\u2019insalubrit\u00e0 dell\u2019acqua risalgano gi\u00e0 a quasi una settimana fa, che i vertici di AMAM ed il Sindaco &#8211; come \u00e8 noto massima autorit\u00e0 sanitaria locale &#8211; riferiscano al Consiglio Comunale ed al Consiglio della IV Municipalit\u00e0 circa l\u2019intero iter posto in essere dalla Societ\u00e0 partecipata del Comune nella gestione della questione sin dalle prime battute\u201d continuano i Consiglieri.<\/p>\n\n\n\n<p>\u201cIn particolare\u201d conclude il Consigliere Carbone \u201causpico che lo stallo dei lavori del Consiglio Comunale causato dalle incertezze dei gruppi consiliari facenti capo all\u2019Amministrazione non impedisca di discutere di fronte al Civico Consesso di tematiche tanto importanti\u201d.<\/p>\n\n\n\n<p>Con l&#8217;ordinanza n. 116 di ieri, il Sindaco <strong>Federico Basile<\/strong> ha disposto la sospensione dell\u2019uso potabile dell\u2019acqua nell\u2019area compresa tra le vie T. Cannizzaro, Ghibellina, S. Cecilia, Noviziato, viale Italia e la scalinata Santa Barbara, fino a nuova disposizione di revoca del provvedimento adottato, a seguito di comunicazione di avvenuta risoluzione della problematica igienico-sanitaria da parte della Societ\u00e0 AMAM SpA.<\/p>\n\n\n\n<p> &#8220;Il provvedimento si \u00e8 reso necessario in via precauzionale al fine di evitare potenziali pericoli alla salute e all\u2019incolumit\u00e0 pubblica. L\u2019AMAM, in queste ore, sta operando attraverso i propri tecnici a verificare con ispezioni dirette e analisi di laboratorio sulla rete della distribuzione idrica, per individuare la causa del problema al fine di accertare le probabili cause del problema insorto. La Societ\u00e0, gestore del servizio idrico comunale \u00e8 tenuta \u2013 si legge nell&#8217;ordinanza stessa \u2013 a monitorare lo stato di inquinamento dell\u2019acqua distribuita nelle suddette zone della Citt\u00e0; e a comunicare tempestivamente al Comune la cessazione delle condizioni di rischio&#8221;.<\/p>\n","protected":false},"excerpt":{"rendered":"<p>Il Consigliere Comunale Dario Carbone di \u201cFratelli d\u2019Italia\u201d e la Vice Presidente della IV Municipalit\u00e0 Debora Buda intervengono sui problemi riscontrati alla condotta idrica che ha comportato la sospensione dell\u2019uso potabile dell\u2019acqua nella zona del centro chiedendo ai vertici di AMAM ed al Sindaco di Messina di riferire prima possibile all\u2019Aula sui potenziali rischi per [&hellip;]<\/p>\n","protected":false},"author":15,"featured_media":152421,"comment_status":"open","ping_status":"open","sticky":false,"template":"","format":"standard","meta":{"ub_ctt_via":"","_mi_skip_tracking":false},"categories":[6],"tags":[8090,8089,3756,3901,2972],"featured_image_src":"https:\/\/www.messinaoggi.it\/website\/wp-content\/uploads\/2023\/04\/acqua-rubinetto-3-2-420x252-1.jpg","author_info":{"display_name":"red.me","author_link":"https:\/\/www.messinaoggi.it\/website\/author\/red-me\/"},"digistream_id":0,"digistream":false,"_links":{"self":[{"href":"https:\/\/www.messinaoggi.it\/website\/wp-json\/wp\/v2\/posts\/159154"}],"collection":[{"href":"https:\/\/www.messinaoggi.it\/website\/wp-json\/wp\/v2\/posts"}],"about":[{"href":"https:\/\/www.messinaoggi.it\/website\/wp-json\/wp\/v2\/types\/post"}],"author":[{"embeddable":true,"href":"https:\/\/www.messinaoggi.it\/website\/wp-json\/wp\/v2\/users\/15"}],"replies":[{"embeddable":true,"href":"https:\/\/www.messinaoggi.it\/website\/wp-json\/wp\/v2\/comments?post=159154"}],"version-history":[{"count":1,"href":"https:\/\/www.messinaoggi.it\/website\/wp-json\/wp\/v2\/posts\/159154\/revisions"}],"predecessor-version":[{"id":159155,"href":"https:\/\/www.messinaoggi.it\/website\/wp-json\/wp\/v2\/posts\/159154\/revisions\/159155"}],"wp:featuredmedia":[{"embeddable":true,"href":"https:\/\/www.messinaoggi.it\/website\/wp-json\/wp\/v2\/media\/152421"}],"wp:attachment":[{"href":"https:\/\/www.messinaoggi.it\/website\/wp-json\/wp\/v2\/media?parent=159154"}],"wp:term":[{"taxonomy":"category","embeddable":true,"href":"https:\/\/www.messinaoggi.it\/website\/wp-json\/wp\/v2\/categories?post=159154"},{"taxonomy":"post_tag","embeddable":true,"href":"https:\/\/www.messinaoggi.it\/website\/wp-json\/wp\/v2\/tags?post=159154"}],"curies":[{"name":"wp","href":"https:\/\/api.w.org\/{rel}","templated":true}]}}