{"id":159151,"date":"2023-06-14T11:12:54","date_gmt":"2023-06-14T09:12:54","guid":{"rendered":"http:\/\/www.messinaoggi.it\/website\/?p=159151"},"modified":"2023-06-14T11:12:55","modified_gmt":"2023-06-14T09:12:55","slug":"meteo-settimana-instabile-con-rovesci-intermittenti","status":"publish","type":"post","link":"https:\/\/www.messinaoggi.it\/website\/2023\/06\/14\/meteo-settimana-instabile-con-rovesci-intermittenti\/","title":{"rendered":"Meteo, settimana instabile con rovesci intermittenti"},"content":{"rendered":"\n<p>Finora l&#8217;estate mediterranea \u00e9 risultata deludente e non \u00e9 riuscita in alcun modo a conseguire la promozione stabilizzante. Bella stagione nettamente al di sotto degli standard mediterranei. Il reo di questa perpetua dinamicit\u00e0 \u00e9 senza alcun dubbio un restio anticiclone delle Azzorre, incapace di asusumere autorevolmente le redini del pattern.<div id=\"div-gpt-ad-Messinaoggi.it-DSK-300x250-corpoart\" style=\"text-align:center;margin:0 auto;\"><\/div><\/p>\n\n\n\n<p><br>La settimana si \u00e9 aperta con nuvoloni tirrenici gravidi di pioggia, in un contesto di spiccata instabilit\u00e1, senza alcun gradiente verticale.<br>Nelle prossime ore, il Mediterraneo occidentale sar\u00e0 sede di una irruzione di aria instabile continentale, che scalfir\u00e0 il debole promontorio anticiclonico dalla propaggine occidentale.<div id=\"videoincontent\" style=\"clear:both\";><\/div><\/p>\n\n\n\n<p><br>Ne deriver\u00e0 un blando richiamo umido meridionale, che agevoler\u00e1 la produzione di cumuli congesti e cellule temporalesche, che potrebbero anche strutturarsi in un nucleo convettivo alla mesoscala. Questo impianto temporalesco ben strutturato colpir\u00e1 direttamente il Palermitano e parte del Messinese Tirrenico, mentre le Stretto di Messina risulter\u00e1 ai margini del fulcro convettivo.<\/p>\n\n\n\n<p><br>Con questo quadro sinottico, martedi il tempo sar\u00e1 buono, con cielo poco o al pi\u00f9 parzialmente nuvoloso, senza fenomeni di sorta.<br>Mercoledi la nuvolosit\u00e1 sar\u00e1 compatta e fra pomeriggo e serata, na debole linea di instabilit\u00e1 potrebbe transitare sul Messinese Tirrenico e lo Stretto settentrionale, spargendo qualche rovescio di pioggia di debole intensit\u00e1. Sostanzialmente fenomenologia innocua e ordinaria, senza alcun fenomeno da attenzionare.<\/p>\n\n\n\n<p><br>I venti spireranno debolmente dai quadranti meridionali, con un umido ostro (S) che incresper\u00e1 lo Stretto di Messina.<br>La temperatura subir\u00e1 un lieve ribasso, fluttuando dai 19\u00b0 di minima ai 25\u00b0 di massima, mentre il tasso dell&#8217;Ur far\u00e1 segnare valori elevati compresi fra il 50 e il 90%.<\/p>\n\n\n\n<p>Le tendenze del tempo a medio termine prefigurano che gioved\u00ec potrebbe prendere forma una blanda circolazione ciclonica allocata sum Tirreno, capace di smistare rovesci a macchia di leopardo, senza alcun accanimento alluvionale. Insomma, tempo instabile, inaffidabile, ma flash flood scongiurati per assenza di gradiente verticale. <\/p>\n\n\n\n<p><strong>Alessio Campobello. <\/strong><\/p>\n","protected":false},"excerpt":{"rendered":"<p>Finora l&#8217;estate mediterranea \u00e9 risultata deludente e non \u00e9 riuscita in alcun modo a conseguire la promozione stabilizzante. Bella stagione nettamente al di sotto degli standard mediterranei. Il reo di questa perpetua dinamicit\u00e0 \u00e9 senza alcun dubbio un restio anticiclone delle Azzorre, incapace di asusumere autorevolmente le redini del pattern. La settimana si \u00e9 aperta [&hellip;]<\/p>\n","protected":false},"author":15,"featured_media":159152,"comment_status":"open","ping_status":"open","sticky":false,"template":"","format":"standard","meta":{"ub_ctt_via":"","_mi_skip_tracking":false},"categories":[1],"tags":[1225,178],"featured_image_src":"https:\/\/www.messinaoggi.it\/website\/wp-content\/uploads\/2023\/06\/Meteo-Campobello-14-Giugno.jpeg","author_info":{"display_name":"red.me","author_link":"https:\/\/www.messinaoggi.it\/website\/author\/red-me\/"},"digistream_id":0,"digistream":false,"_links":{"self":[{"href":"https:\/\/www.messinaoggi.it\/website\/wp-json\/wp\/v2\/posts\/159151"}],"collection":[{"href":"https:\/\/www.messinaoggi.it\/website\/wp-json\/wp\/v2\/posts"}],"about":[{"href":"https:\/\/www.messinaoggi.it\/website\/wp-json\/wp\/v2\/types\/post"}],"author":[{"embeddable":true,"href":"https:\/\/www.messinaoggi.it\/website\/wp-json\/wp\/v2\/users\/15"}],"replies":[{"embeddable":true,"href":"https:\/\/www.messinaoggi.it\/website\/wp-json\/wp\/v2\/comments?post=159151"}],"version-history":[{"count":1,"href":"https:\/\/www.messinaoggi.it\/website\/wp-json\/wp\/v2\/posts\/159151\/revisions"}],"predecessor-version":[{"id":159153,"href":"https:\/\/www.messinaoggi.it\/website\/wp-json\/wp\/v2\/posts\/159151\/revisions\/159153"}],"wp:featuredmedia":[{"embeddable":true,"href":"https:\/\/www.messinaoggi.it\/website\/wp-json\/wp\/v2\/media\/159152"}],"wp:attachment":[{"href":"https:\/\/www.messinaoggi.it\/website\/wp-json\/wp\/v2\/media?parent=159151"}],"wp:term":[{"taxonomy":"category","embeddable":true,"href":"https:\/\/www.messinaoggi.it\/website\/wp-json\/wp\/v2\/categories?post=159151"},{"taxonomy":"post_tag","embeddable":true,"href":"https:\/\/www.messinaoggi.it\/website\/wp-json\/wp\/v2\/tags?post=159151"}],"curies":[{"name":"wp","href":"https:\/\/api.w.org\/{rel}","templated":true}]}}