{"id":15909,"date":"2018-02-20T07:30:37","date_gmt":"2018-02-20T06:30:37","guid":{"rendered":"http:\/\/www.messinaoggi.it\/website\/?p=15909"},"modified":"2018-02-20T07:30:37","modified_gmt":"2018-02-20T06:30:37","slug":"oscar-farinetti-sicilia-regione-pi","status":"publish","type":"post","link":"https:\/\/www.messinaoggi.it\/website\/2018\/02\/20\/oscar-farinetti-sicilia-regione-pi\/","title":{"rendered":"Oscar Farinetti: &#039;Sicilia regione pi\u00f9 povera d&#039;Europa? Non secondo me&#039;"},"content":{"rendered":"<p><span style=\"font-family: Arial, sans-serif\"><span style=\"font-size: medium\"><span lang=\"it-IT\">La Sicilia \u00e8 tra le regioni pi\u00f9 povere d&#8217;Europa? Non per Oscar Farinetti. Infatti, in barba alle ultime rilevazioni statistiche, secondo le quali l&#8217;Isola figurerebbe economicamente parlando tra le ultime in classifica a livello europeo, per il il patron di Eataly ed ex proprietario di Unieuro la situazione non sarebbe affatto cos\u00ec tragica come si vorrebbe far credere, grazie soprattutto all&#8217;aumento dell&#8217;export italiano, parte del quale sarebbe trainato dall&#8217;agroalimentare, settore nel quale la Sicilia spadroneggia:\u00a0<\/span><span style=\"color: #000000\">&#8220;Secondo me la Sicilia non \u00e8 affatto la regione pi\u00f9 povera d&#8217;Europa, a me non risulta affatto. &#8211; esordisce Farinetti risponendo ai microfoni di Adnkronos &#8211; I numeri del nostro paese sono straordinari, siamo il primo paese in Europa per l&#8217;export, stiamo volando al doppio della velocit\u00e0 della Germania e della Francia&#8221;. <\/span><\/span><\/span><br \/>\n<span style=\"font-family: Arial, sans-serif\"><span style=\"font-size: medium\"><span style=\"color: #000000\">&#8220;E all&#8217;interno di questi numeri &#8211; prosegue il proprietario di Eataly &#8211; il mercato agroalimentare \u00e8 quello che vola di pi\u00f9 e la Sicilia \u00e8 la regione che cresce di pi\u00f9, questo \u00e8 un grande segnale. La Sicilia ha un sacco di opportunit\u00e0. Tocca a voi siciliani utilizzarle al meglio&#8221;. <\/span><\/span><\/span><div id=\"div-gpt-ad-Messinaoggi.it-DSK-300x250-corpoart\" style=\"text-align:center;margin:0 auto;\"><\/div><\/p>\n<div id=\"videoincontent\" style=\"clear:both\";><\/div>","protected":false},"excerpt":{"rendered":"<p>La Sicilia \u00e8 tra le regioni pi\u00f9 povere d&#8217;Europa? Non per Oscar Farinetti. Infatti, in barba alle ultime rilevazioni statistiche, secondo le quali l&#8217;Isola figurerebbe economicamente parlando tra le ultime in classifica a livello europeo, per il il patron di Eataly ed ex proprietario di Unieuro la situazione non sarebbe affatto cos\u00ec tragica come si [&hellip;]<\/p>\n","protected":false},"author":8,"featured_media":15911,"comment_status":"closed","ping_status":"open","sticky":false,"template":"","format":"standard","meta":{"ub_ctt_via":"","_mi_skip_tracking":false},"categories":[11],"tags":[],"featured_image_src":"https:\/\/www.messinaoggi.it\/website\/wp-content\/uploads\/2018\/02\/oscar-farinetti-eatitaly-1.jpg","author_info":{"display_name":"red..me","author_link":"https:\/\/www.messinaoggi.it\/website\/author\/redstage\/"},"digistream_id":0,"digistream":false,"_links":{"self":[{"href":"https:\/\/www.messinaoggi.it\/website\/wp-json\/wp\/v2\/posts\/15909"}],"collection":[{"href":"https:\/\/www.messinaoggi.it\/website\/wp-json\/wp\/v2\/posts"}],"about":[{"href":"https:\/\/www.messinaoggi.it\/website\/wp-json\/wp\/v2\/types\/post"}],"author":[{"embeddable":true,"href":"https:\/\/www.messinaoggi.it\/website\/wp-json\/wp\/v2\/users\/8"}],"replies":[{"embeddable":true,"href":"https:\/\/www.messinaoggi.it\/website\/wp-json\/wp\/v2\/comments?post=15909"}],"version-history":[{"count":0,"href":"https:\/\/www.messinaoggi.it\/website\/wp-json\/wp\/v2\/posts\/15909\/revisions"}],"wp:featuredmedia":[{"embeddable":true,"href":"https:\/\/www.messinaoggi.it\/website\/wp-json\/wp\/v2\/media\/15911"}],"wp:attachment":[{"href":"https:\/\/www.messinaoggi.it\/website\/wp-json\/wp\/v2\/media?parent=15909"}],"wp:term":[{"taxonomy":"category","embeddable":true,"href":"https:\/\/www.messinaoggi.it\/website\/wp-json\/wp\/v2\/categories?post=15909"},{"taxonomy":"post_tag","embeddable":true,"href":"https:\/\/www.messinaoggi.it\/website\/wp-json\/wp\/v2\/tags?post=15909"}],"curies":[{"name":"wp","href":"https:\/\/api.w.org\/{rel}","templated":true}]}}