{"id":15907,"date":"2018-02-19T21:47:06","date_gmt":"2018-02-19T20:47:06","guid":{"rendered":"http:\/\/www.messinaoggi.it\/website\/?p=15907"},"modified":"2018-02-19T21:47:06","modified_gmt":"2018-02-19T20:47:06","slug":"elezioni-rettore-il-primo-turno-si-svolgera-il-22-marzo","status":"publish","type":"post","link":"https:\/\/www.messinaoggi.it\/website\/2018\/02\/19\/elezioni-rettore-il-primo-turno-si-svolgera-il-22-marzo\/","title":{"rendered":"Elezioni Rettore, il primo turno si svolger\u00e0 il 22 marzo"},"content":{"rendered":"<p style=\"text-align: justify;\">E\u2019 stato firmato questa mattina dalla professoressa Adriana Ferlazzo, Decano dell\u2019Universit\u00e0, il decreto che ha indetto per il prossimo 22 marzo le elezioni per il prossimo Rettore. Questa dunque la data per il primo turno, qualora non dovesse essere raggiunto il quorum, si replicher\u00e0 il 27 marzo, il 4 aprile leeventuale ballottaggio e l\u00ec si conoscer\u00e0 il nome di colui che guider\u00e0 l\u2019Ateneo fino al 2024.<div id=\"div-gpt-ad-Messinaoggi.it-DSK-300x250-corpoart\" style=\"text-align:center;margin:0 auto;\"><\/div><\/p>\n<p style=\"text-align: justify;\">Eventuali candidature \u00a0e programmi, dovranno essere consegnati al Decano entro le 12 del prossimo 2 marzo. Per la prima volta potranno votare anche i dottorandi, gli assegnisti di ricerca e gli specializzandi, oltre ai docenti e al personale amministrativo.<div id=\"videoincontent\" style=\"clear:both\";><\/div><\/p>\n","protected":false},"excerpt":{"rendered":"<p>E\u2019 stato firmato questa mattina dalla professoressa Adriana Ferlazzo, Decano dell\u2019Universit\u00e0, il decreto che ha indetto per il prossimo 22 marzo le elezioni per il prossimo Rettore. Questa dunque la data per il primo turno, qualora non dovesse essere raggiunto il quorum, si replicher\u00e0 il 27 marzo, il 4 aprile leeventuale ballottaggio e l\u00ec si [&hellip;]<\/p>\n","protected":false},"author":2,"featured_media":10361,"comment_status":"closed","ping_status":"open","sticky":false,"template":"","format":"standard","meta":{"ub_ctt_via":"","_mi_skip_tracking":false},"categories":[6],"tags":[],"featured_image_src":"https:\/\/www.messinaoggi.it\/website\/wp-content\/uploads\/2017\/10\/universita-messinaRRP_1726.jpg","author_info":{"display_name":"Redazione","author_link":"https:\/\/www.messinaoggi.it\/website\/author\/redazione\/"},"digistream_id":0,"digistream":false,"_links":{"self":[{"href":"https:\/\/www.messinaoggi.it\/website\/wp-json\/wp\/v2\/posts\/15907"}],"collection":[{"href":"https:\/\/www.messinaoggi.it\/website\/wp-json\/wp\/v2\/posts"}],"about":[{"href":"https:\/\/www.messinaoggi.it\/website\/wp-json\/wp\/v2\/types\/post"}],"author":[{"embeddable":true,"href":"https:\/\/www.messinaoggi.it\/website\/wp-json\/wp\/v2\/users\/2"}],"replies":[{"embeddable":true,"href":"https:\/\/www.messinaoggi.it\/website\/wp-json\/wp\/v2\/comments?post=15907"}],"version-history":[{"count":0,"href":"https:\/\/www.messinaoggi.it\/website\/wp-json\/wp\/v2\/posts\/15907\/revisions"}],"wp:featuredmedia":[{"embeddable":true,"href":"https:\/\/www.messinaoggi.it\/website\/wp-json\/wp\/v2\/media\/10361"}],"wp:attachment":[{"href":"https:\/\/www.messinaoggi.it\/website\/wp-json\/wp\/v2\/media?parent=15907"}],"wp:term":[{"taxonomy":"category","embeddable":true,"href":"https:\/\/www.messinaoggi.it\/website\/wp-json\/wp\/v2\/categories?post=15907"},{"taxonomy":"post_tag","embeddable":true,"href":"https:\/\/www.messinaoggi.it\/website\/wp-json\/wp\/v2\/tags?post=15907"}],"curies":[{"name":"wp","href":"https:\/\/api.w.org\/{rel}","templated":true}]}}