{"id":15904,"date":"2018-02-19T21:10:06","date_gmt":"2018-02-19T20:10:06","guid":{"rendered":"http:\/\/www.messinaoggi.it\/website\/?p=15904"},"modified":"2018-02-19T21:10:06","modified_gmt":"2018-02-19T20:10:06","slug":"ennesimo-sbarco-200-migranti-approdano-a-messina","status":"publish","type":"post","link":"https:\/\/www.messinaoggi.it\/website\/2018\/02\/19\/ennesimo-sbarco-200-migranti-approdano-a-messina\/","title":{"rendered":"Ennesimo sbarco, 200 migranti approdano a Messina"},"content":{"rendered":"<p>Ancora sbarchi a Messina, questa volta a toccare la terraferma sono stati 200 migranti. Tra loro, a bordo della nave &#8220;Corsi&#8221;, c\u2019era anche una donna in gravidanza che non \u00e8, per\u00f2, giunta nella citt\u00e0 dello Stretto come tutti gli altri. Nel mare antistante Siracusa, la donna ha dato alla luce il suo bambino. Dopo il parto, entrambi\u00a0sono stati\u00a0trasportati a Siracusa a bordo di una\u00a0motovedetta della Capitaneria di porto. Ad attenderli un\u2019ambulanza che si \u00e8 occupata dell\u2019immediato trasporto all\u2019ospedale &#8220;Umberto I&#8221;.<br \/>\nLa nave &#8220;Corsi&#8221; ha continuato il suo\u00a0viaggio verso Messina, dov&#8217;\u00e8 arrivata intorno alle 15.30. Subito attivata la macchina dei soccorsi coordinata dalla Prefettura, che si \u00e8 occupata di identificare i migranti e prestare le prime cure.<div id=\"div-gpt-ad-Messinaoggi.it-DSK-300x250-corpoart\" style=\"text-align:center;margin:0 auto;\"><\/div><\/p>\n<div id=\"videoincontent\" style=\"clear:both\";><\/div>","protected":false},"excerpt":{"rendered":"<p>Ancora sbarchi a Messina, questa volta a toccare la terraferma sono stati 200 migranti. Tra loro, a bordo della nave &#8220;Corsi&#8221;, c\u2019era anche una donna in gravidanza che non \u00e8, per\u00f2, giunta nella citt\u00e0 dello Stretto come tutti gli altri. Nel mare antistante Siracusa, la donna ha dato alla luce il suo bambino. Dopo il [&hellip;]<\/p>\n","protected":false},"author":2,"featured_media":1560,"comment_status":"closed","ping_status":"open","sticky":false,"template":"","format":"standard","meta":{"ub_ctt_via":"","_mi_skip_tracking":false},"categories":[5],"tags":[],"featured_image_src":"https:\/\/www.messinaoggi.it\/website\/wp-content\/uploads\/2017\/06\/Migranti-sfondo-Madonnina-2.jpg","author_info":{"display_name":"Redazione","author_link":"https:\/\/www.messinaoggi.it\/website\/author\/redazione\/"},"digistream_id":0,"digistream":false,"_links":{"self":[{"href":"https:\/\/www.messinaoggi.it\/website\/wp-json\/wp\/v2\/posts\/15904"}],"collection":[{"href":"https:\/\/www.messinaoggi.it\/website\/wp-json\/wp\/v2\/posts"}],"about":[{"href":"https:\/\/www.messinaoggi.it\/website\/wp-json\/wp\/v2\/types\/post"}],"author":[{"embeddable":true,"href":"https:\/\/www.messinaoggi.it\/website\/wp-json\/wp\/v2\/users\/2"}],"replies":[{"embeddable":true,"href":"https:\/\/www.messinaoggi.it\/website\/wp-json\/wp\/v2\/comments?post=15904"}],"version-history":[{"count":0,"href":"https:\/\/www.messinaoggi.it\/website\/wp-json\/wp\/v2\/posts\/15904\/revisions"}],"wp:featuredmedia":[{"embeddable":true,"href":"https:\/\/www.messinaoggi.it\/website\/wp-json\/wp\/v2\/media\/1560"}],"wp:attachment":[{"href":"https:\/\/www.messinaoggi.it\/website\/wp-json\/wp\/v2\/media?parent=15904"}],"wp:term":[{"taxonomy":"category","embeddable":true,"href":"https:\/\/www.messinaoggi.it\/website\/wp-json\/wp\/v2\/categories?post=15904"},{"taxonomy":"post_tag","embeddable":true,"href":"https:\/\/www.messinaoggi.it\/website\/wp-json\/wp\/v2\/tags?post=15904"}],"curies":[{"name":"wp","href":"https:\/\/api.w.org\/{rel}","templated":true}]}}