{"id":159022,"date":"2023-06-13T10:25:34","date_gmt":"2023-06-13T08:25:34","guid":{"rendered":"http:\/\/www.messinaoggi.it\/website\/?p=159022"},"modified":"2023-06-13T10:25:35","modified_gmt":"2023-06-13T08:25:35","slug":"taormina-rifiuti-cambiano-le-modalita","status":"publish","type":"post","link":"https:\/\/www.messinaoggi.it\/website\/2023\/06\/13\/taormina-rifiuti-cambiano-le-modalita\/","title":{"rendered":"Taormina, rifiuti: cambiano le modalit\u00e0"},"content":{"rendered":"\n<p>\u201cDal 19 giugno prossimo anche in materia di conferimento dei rifiuti urbani differenziati e indifferenziati, afferma il sindaco di Taormina Cateno De Luca, siamo pronti ad attuare importanti modifiche che mirano a restituire decoro e pulizia al centrale corso Umberto. Lo avevamo preannunciato in campagna elettorale ed eccoci qui a pochi giorni dal nostro insediamento a dare corso gi\u00e0 ai primi impegni assunti.<div id=\"div-gpt-ad-Messinaoggi.it-DSK-300x250-corpoart\" style=\"text-align:center;margin:0 auto;\"><\/div><\/p>\n\n\n\n<p>La corretta gestione ambientale dei rifiuti costituisce un obiettivo prioritario dell\u2019Amministrazione comunale di Taormina. Intendiamo migliorare in termini di efficienza e di recupero la gestione dei rifiuti urbani e la tutela del decoro dell\u2019igiene ambientale. Le modifiche alla delibera n.7 del 2019 che abbiamo apportato mirano a migliorare la situazione evitando che residenti e turisti si ritrovino sul corso a passeggiare tra i rifiuti cos\u00ec come purtroppo \u00e8 accaduto.\u201d<div id=\"videoincontent\" style=\"clear:both\";><\/div><\/p>\n\n\n\n<p>Con decorrenza 19 Giugno 2023 e fino al 31 ottobre 2023 le utenze che hanno l\u2019obbligo di conferire i rifiuti, nell\u2019asse commerciale ricadente tra Porta Catania e Porta Messina (Piazza Duomo, Corso Umberto I, Piazza Vittorio Emanuele, Via Timeo, Via Teatro Greco), dovranno attenersi alle seguenti modalit\u00e0 ed ai seguenti orari:<\/p>\n\n\n\n<p>1) le Utenze non domestiche ricadenti nell\u2019ambito della somministrazione di alimenti e bevande dovranno conferire i rifiuti dalle ore 01:00 alle ore 06:30, tutti i giorni;<\/p>\n\n\n\n<p>2) le utenze non domestiche riferite ad attivit\u00e0 Commerciali non ricadenti nell\u2019ambito della somministrazione di alimenti e bevande alternativamente a quanto sopra indicato potranno conferire presso le terrazze dei parcheggi Porta Catania e Porta Pasquale:<\/p>\n\n\n\n<p>CARTA\/CARTONE (debitamente piegati al fine di ridurre il pi\u00f9 possibile il volume) e MULTIMATERIALE (PLASTICA), dalle ore 21:30 alle ore 23:30 di tutti i giorni;<\/p>\n\n\n\n<p>SECCO dalle ore 21:30 alle ore 23:30 di ogni marted\u00ec;<\/p>\n\n\n\n<p>3) le Utenze Domestiche alternativamente a quanto indicato al punto 1) potranno conferire dalle ore 19:00 alle ore 21:30 di tutti i giorni presso i seguenti siti:<\/p>\n\n\n\n<ul><li>terrazza dei parcheggi Porta Catania e Porta Pasquale.<\/li><\/ul>\n\n\n\n<p>I conferimenti avverranno in presenza di personale della ditta TEKRA il quale presidier\u00e0 le suddette aree con mezzi cassonati adibiti al trasporto rifiuti all\u2019interno dei quali gli stessi dovranno essere depositati, previa completa identificazione dell\u2019utenza da parte dello stesso personale TEKRA attraverso lettura del codice identificativo ricollegabile alla stessa, per il solo tempo indicato.<\/p>\n\n\n\n<p>\u201cSi tratta di una ordinanza, spiega il sindaco De Luca, emessa nell\u2019interesse di tutta la citt\u00e0. Iniziamo ad apportare alcune piccole ma decisive modifiche per migliorare la vivibilit\u00e0 di Taormina e rendere il contesto urbano all\u2019altezza della fama mondiale della citt\u00e0. Chiediamo ai cittadini e agli imprenditori la massima collaborazione. Stiamo lavorando tutti per una citt\u00e0 migliore e sono convinto che la citt\u00e0 sapr\u00e0 apprezzare i nostri provvedimenti.\u201d<\/p>\n\n\n\n<p>L\u2019ordinanza sar\u00e0 pubblicata stasera a conclusione della seduta di Giunta municipale.<\/p>\n","protected":false},"excerpt":{"rendered":"<p>\u201cDal 19 giugno prossimo anche in materia di conferimento dei rifiuti urbani differenziati e indifferenziati, afferma il sindaco di Taormina Cateno De Luca, siamo pronti ad attuare importanti modifiche che mirano a restituire decoro e pulizia al centrale corso Umberto. Lo avevamo preannunciato in campagna elettorale ed eccoci qui a pochi giorni dal nostro insediamento [&hellip;]<\/p>\n","protected":false},"author":15,"featured_media":159023,"comment_status":"open","ping_status":"open","sticky":false,"template":"","format":"standard","meta":{"ub_ctt_via":"","_mi_skip_tracking":false},"categories":[3],"tags":[126,1206,683,73],"featured_image_src":"https:\/\/www.messinaoggi.it\/website\/wp-content\/uploads\/2023\/06\/rifiuti-mastelli.jpeg","author_info":{"display_name":"red.me","author_link":"https:\/\/www.messinaoggi.it\/website\/author\/red-me\/"},"digistream_id":0,"digistream":false,"_links":{"self":[{"href":"https:\/\/www.messinaoggi.it\/website\/wp-json\/wp\/v2\/posts\/159022"}],"collection":[{"href":"https:\/\/www.messinaoggi.it\/website\/wp-json\/wp\/v2\/posts"}],"about":[{"href":"https:\/\/www.messinaoggi.it\/website\/wp-json\/wp\/v2\/types\/post"}],"author":[{"embeddable":true,"href":"https:\/\/www.messinaoggi.it\/website\/wp-json\/wp\/v2\/users\/15"}],"replies":[{"embeddable":true,"href":"https:\/\/www.messinaoggi.it\/website\/wp-json\/wp\/v2\/comments?post=159022"}],"version-history":[{"count":1,"href":"https:\/\/www.messinaoggi.it\/website\/wp-json\/wp\/v2\/posts\/159022\/revisions"}],"predecessor-version":[{"id":159024,"href":"https:\/\/www.messinaoggi.it\/website\/wp-json\/wp\/v2\/posts\/159022\/revisions\/159024"}],"wp:featuredmedia":[{"embeddable":true,"href":"https:\/\/www.messinaoggi.it\/website\/wp-json\/wp\/v2\/media\/159023"}],"wp:attachment":[{"href":"https:\/\/www.messinaoggi.it\/website\/wp-json\/wp\/v2\/media?parent=159022"}],"wp:term":[{"taxonomy":"category","embeddable":true,"href":"https:\/\/www.messinaoggi.it\/website\/wp-json\/wp\/v2\/categories?post=159022"},{"taxonomy":"post_tag","embeddable":true,"href":"https:\/\/www.messinaoggi.it\/website\/wp-json\/wp\/v2\/tags?post=159022"}],"curies":[{"name":"wp","href":"https:\/\/api.w.org\/{rel}","templated":true}]}}