{"id":158950,"date":"2023-06-12T17:49:32","date_gmt":"2023-06-12T15:49:32","guid":{"rendered":"http:\/\/www.messinaoggi.it\/website\/?p=158950"},"modified":"2023-06-12T17:51:07","modified_gmt":"2023-06-12T15:51:07","slug":"cineproduzioni-sicilia-ed-eolie-amata-facciamo-rete","status":"publish","type":"post","link":"https:\/\/www.messinaoggi.it\/website\/2023\/06\/12\/cineproduzioni-sicilia-ed-eolie-amata-facciamo-rete\/","title":{"rendered":"Cineproduzioni Sicilia ed Eolie, Amata: \u201cFacciamo rete\u201d"},"content":{"rendered":"\n<p>L\u2019isola di Lipari, attraverso la societ\u00e0 Brand Eolie operante nel settore della promozione turistica e del marketing e la RTM Messina che ne detiene i diritti, si candida all\u2019organizzazione della prossima edizione del Festival del Cinema Italiano. Calato il sipario, sabato scorso ( sull\u2019 edizione 2023 della manifestazione tenutasi a Milazzo) domenica, a Lipari, si \u00e8 tenuta l\u2019appendice \u201c Set \u2013Eolie\u201d nella splendida cornice dell\u2019hotel Mea alla presenza dell\u2019assessore regionale per il turismo, lo sport e lo spettacolo, Elvira Amata, e di una rappresentanza di ospiti del mondo cinematografico e dello spettacolo che hanno preso parte al festival, tra i quali l\u2019attrice statunitense, candidata al premio oscar, Alfre Woodard con il marito, scrittore, Roderick Spencer.<div id=\"div-gpt-ad-Messinaoggi.it-DSK-300x250-corpoart\" style=\"text-align:center;margin:0 auto;\"><\/div><\/p>\n\n\n\n<figure class=\"wp-block-image size-large\"><img loading=\"lazy\" width=\"1024\" height=\"682\" src=\"http:\/\/www.messinaoggi.it\/website\/wp-content\/uploads\/2023\/06\/Amata-Eolie-4-1024x682.jpeg\" alt=\"\" class=\"wp-image-158952\" srcset=\"https:\/\/www.messinaoggi.it\/website\/wp-content\/uploads\/2023\/06\/Amata-Eolie-4-1024x682.jpeg 1024w, https:\/\/www.messinaoggi.it\/website\/wp-content\/uploads\/2023\/06\/Amata-Eolie-4-300x200.jpeg 300w, https:\/\/www.messinaoggi.it\/website\/wp-content\/uploads\/2023\/06\/Amata-Eolie-4-768x512.jpeg 768w, https:\/\/www.messinaoggi.it\/website\/wp-content\/uploads\/2023\/06\/Amata-Eolie-4-1536x1023.jpeg 1536w, https:\/\/www.messinaoggi.it\/website\/wp-content\/uploads\/2023\/06\/Amata-Eolie-4.jpeg 1600w\" sizes=\"(max-width: 1024px) 100vw, 1024px\" \/><\/figure>\n\n\n\n<p><br>Il patron della manifestazione, Franco Arcoraci apre le porte : \u201c Quella di Lipari \u00e8 una idea che valutiamo seriamente. L\u2019unicit\u00e0 dei luoghi non si discute e le collaborazioni locali sono di ottimo livello per cui tutto \u00e8 possibile\u201d. D\u2019accordo , ovviamente, anche il Sindaco di Lipari, Riccardo Gullo nonostante il compito \u201carduo\u201d. Ma c\u2019\u00e8 la disponibilit\u00e0 ad offrire l\u2019assistenza necessaria. Il primo cittadino isolano ha incantato la platea descrivendo il museo archeologico ed esaltando la storia e la bellezza di questi luoghi.<div id=\"videoincontent\" style=\"clear:both\";><\/div><\/p>\n\n\n\n<figure class=\"wp-block-image size-large\"><img loading=\"lazy\" width=\"678\" height=\"1024\" src=\"http:\/\/www.messinaoggi.it\/website\/wp-content\/uploads\/2023\/06\/Amata-Eolie-3-678x1024.jpeg\" alt=\"\" class=\"wp-image-158953\" srcset=\"https:\/\/www.messinaoggi.it\/website\/wp-content\/uploads\/2023\/06\/Amata-Eolie-3-678x1024.jpeg 678w, https:\/\/www.messinaoggi.it\/website\/wp-content\/uploads\/2023\/06\/Amata-Eolie-3-199x300.jpeg 199w, https:\/\/www.messinaoggi.it\/website\/wp-content\/uploads\/2023\/06\/Amata-Eolie-3-768x1159.jpeg 768w, https:\/\/www.messinaoggi.it\/website\/wp-content\/uploads\/2023\/06\/Amata-Eolie-3-1018x1536.jpeg 1018w, https:\/\/www.messinaoggi.it\/website\/wp-content\/uploads\/2023\/06\/Amata-Eolie-3.jpeg 1060w\" sizes=\"(max-width: 678px) 100vw, 678px\" \/><figcaption>Alfre Woodard<\/figcaption><\/figure>\n\n\n\n<p><br>Alla serata, per tracciare una rapida analisi dei problemi accusati dalle case di produzione che investono massicciamente in Sicilia, sull\u2019effetto \u201c The White Lotus\u201d \u00e8 intervenuto , tra gli altri, Marcello Foti gi\u00e0 direttore del Centro Sperimentale di cinematografia e ora del CeSAM di Potenza . \u201c Serve \u2013 ha dichiarato-che le istituzioni territoriali facciano rete altrimenti \u00e8 come se avessimo una bella Ferrari senza pilota\u201d. Nel mirino la burocrazia: \u201c se si chiede un suolo pubblico non si possono perdere 20 giorni per un timbro\u201d. Ma- osserva ancora Foti- \u201c occorre fare sistema con gli operatori turistici, migliorare i trasporti e valorizzare le risorse umane locali, formando le maestranze, creando lavoro e consentendo a chi investe di risparmiare\u201d.<br>Per l\u2019attore Pino Ammendola \u201c non si pu\u00f2 parlare in questo momento di cinema in senso stretto ma, piuttosto, bisognerebbe creare un rapporto diretto con le piattaforme televisive\u201d.<\/p>\n\n\n\n<p><br>Roberta Ammendola, presentatrice Rai, ha sottolineato l\u2019importanza del Festival del Cinema Italiano che racconta il territorio auspicando che sia l\u2019inizio di un percorso che possa portare la manifestazione in tutto il mondo. \u201c Siamo stimati, creduti e apprezzati ovunque per il lavoro che facciamo. Se riusciamo a portare il cinema a quello di una volta, alla sua allure, saremo sempre vincenti\u201d.<\/p>\n\n\n\n<figure class=\"wp-block-image size-large\"><img loading=\"lazy\" width=\"1024\" height=\"576\" src=\"http:\/\/www.messinaoggi.it\/website\/wp-content\/uploads\/2023\/06\/Amata-Eolie-1-1024x576.jpeg\" alt=\"\" class=\"wp-image-158951\" srcset=\"https:\/\/www.messinaoggi.it\/website\/wp-content\/uploads\/2023\/06\/Amata-Eolie-1-1024x576.jpeg 1024w, https:\/\/www.messinaoggi.it\/website\/wp-content\/uploads\/2023\/06\/Amata-Eolie-1-300x169.jpeg 300w, https:\/\/www.messinaoggi.it\/website\/wp-content\/uploads\/2023\/06\/Amata-Eolie-1-768x432.jpeg 768w, https:\/\/www.messinaoggi.it\/website\/wp-content\/uploads\/2023\/06\/Amata-Eolie-1-1536x864.jpeg 1536w, https:\/\/www.messinaoggi.it\/website\/wp-content\/uploads\/2023\/06\/Amata-Eolie-1.jpeg 1600w\" sizes=\"(max-width: 1024px) 100vw, 1024px\" \/><\/figure>\n\n\n\n<p><br>L\u2019assessore Elvira Amata , consapevole delle difficolt\u00e0, ma fiduciosa sul lavoro intrapreso ha invitato tutti gli \u201cattori\u201d a fare rete per abbattere le criticit\u00e0 perch\u00e9 le potenzialit\u00e0 sono straordinarie. Pare anche che \u201cla luce naturale che abbiamo in Sicilia sia una delle migliori per girare film\u201d. \u201c Bisogna- ha spiegato- offrire servizi oltre alle locations, eliminare i problemi creati dalla burocrazia perch\u00e9 i produttori hanno dei tempi e devono andare veloci. Spendono tanti soldi gi\u00e0 per il primo ciak per cui vanno sostenuti\u201d. Ecco quindi l\u2019idea del \u201c cineporto a Palermo con servizi alle case produttrici per realizzare un set al chiuso\u201d tanto amato dagli americani . E per abbattere i costi ricorda che, ogni anno, c\u2019\u00e8 il bando \u201cFilm Commission\u201d col credito sportivo ( che si occupa anche di cultura) e che consente alle case produttrici di accedere immediatamente all\u2019anticipo delle somme, per il primo ciak .<\/p>\n\n\n\n<p><br>\u201c E dobbiamo &#8211; ha concluso- insieme alle amministrazioni , alle associazioni, alle Pro Loco e a coloro che hanno interesse a vendere questo nostro prodotto, sapere accogliere i turisti cercando di risolvere i problemi legati ai rifiuti e ai collegamenti marittimi&#8221;.<\/p>\n","protected":false},"excerpt":{"rendered":"<p>L\u2019isola di Lipari, attraverso la societ\u00e0 Brand Eolie operante nel settore della promozione turistica e del marketing e la RTM Messina che ne detiene i diritti, si candida all\u2019organizzazione della prossima edizione del Festival del Cinema Italiano. Calato il sipario, sabato scorso ( sull\u2019 edizione 2023 della manifestazione tenutasi a Milazzo) domenica, a Lipari, si [&hellip;]<\/p>\n","protected":false},"author":15,"featured_media":158954,"comment_status":"open","ping_status":"open","sticky":false,"template":"","format":"standard","meta":{"ub_ctt_via":"","_mi_skip_tracking":false},"categories":[13,14],"tags":[8074,655,1227,4878,49,8075,8073],"featured_image_src":"https:\/\/www.messinaoggi.it\/website\/wp-content\/uploads\/2023\/06\/Amata-Eolie-2.jpeg","author_info":{"display_name":"red.me","author_link":"https:\/\/www.messinaoggi.it\/website\/author\/red-me\/"},"digistream_id":0,"digistream":false,"_links":{"self":[{"href":"https:\/\/www.messinaoggi.it\/website\/wp-json\/wp\/v2\/posts\/158950"}],"collection":[{"href":"https:\/\/www.messinaoggi.it\/website\/wp-json\/wp\/v2\/posts"}],"about":[{"href":"https:\/\/www.messinaoggi.it\/website\/wp-json\/wp\/v2\/types\/post"}],"author":[{"embeddable":true,"href":"https:\/\/www.messinaoggi.it\/website\/wp-json\/wp\/v2\/users\/15"}],"replies":[{"embeddable":true,"href":"https:\/\/www.messinaoggi.it\/website\/wp-json\/wp\/v2\/comments?post=158950"}],"version-history":[{"count":1,"href":"https:\/\/www.messinaoggi.it\/website\/wp-json\/wp\/v2\/posts\/158950\/revisions"}],"predecessor-version":[{"id":158955,"href":"https:\/\/www.messinaoggi.it\/website\/wp-json\/wp\/v2\/posts\/158950\/revisions\/158955"}],"wp:featuredmedia":[{"embeddable":true,"href":"https:\/\/www.messinaoggi.it\/website\/wp-json\/wp\/v2\/media\/158954"}],"wp:attachment":[{"href":"https:\/\/www.messinaoggi.it\/website\/wp-json\/wp\/v2\/media?parent=158950"}],"wp:term":[{"taxonomy":"category","embeddable":true,"href":"https:\/\/www.messinaoggi.it\/website\/wp-json\/wp\/v2\/categories?post=158950"},{"taxonomy":"post_tag","embeddable":true,"href":"https:\/\/www.messinaoggi.it\/website\/wp-json\/wp\/v2\/tags?post=158950"}],"curies":[{"name":"wp","href":"https:\/\/api.w.org\/{rel}","templated":true}]}}