{"id":158911,"date":"2023-06-12T14:08:00","date_gmt":"2023-06-12T12:08:00","guid":{"rendered":"https:\/\/www.messinaoggi.it\/website\/2023\/06\/12\/berlusconi-mercoledi-nel-duomo-di-milano-i-funerali-di-stato\/"},"modified":"2023-06-12T14:08:00","modified_gmt":"2023-06-12T12:08:00","slug":"berlusconi-mercoledi-nel-duomo-di-milano-i-funerali-di-stato","status":"publish","type":"post","link":"https:\/\/www.messinaoggi.it\/website\/2023\/06\/12\/berlusconi-mercoledi-nel-duomo-di-milano-i-funerali-di-stato\/","title":{"rendered":"Berlusconi, mercoled\u00ec nel Duomo di Milano i funerali di Stato"},"content":{"rendered":"<div>MILANO (ITALPRESS) &#8211; I funerali di Stato di Silvio Berlusconi si terranno mercoled\u00ec prossimo, 14 giugno, nel Duomo di Milano. Lo fa sapere la Curia del capoluogo lombardo. Non \u00e8 ancora noto chi presidier\u00e0 la cerimonia funebre. La Curia milanese precisa che l&#8217;orario verr\u00e0 concordato anche con la famiglia Berlusconi.<br \/>Alle esequie di Stato sar\u00e0 presente anche il presidente della Repubblica Sergio Mattarella.<div id=\"div-gpt-ad-Messinaoggi.it-DSK-300x250-corpoart\" style=\"text-align:center;margin:0 auto;\"><\/div><\/p>\n<p>&#8211; foto Agenziafotogramma.it &#8211;<div id=\"videoincontent\" style=\"clear:both\";><\/div><\/p>\n<p>(ITALPRESS).<\/p><\/div>\n","protected":false},"excerpt":{"rendered":"<p>MILANO (ITALPRESS) &#8211; I funerali di Stato di Silvio Berlusconi si terranno mercoled\u00ec prossimo, 14 giugno, nel Duomo di Milano. Lo fa sapere la Curia del capoluogo lombardo. Non \u00e8 ancora noto chi presidier\u00e0 la cerimonia funebre. La Curia milanese precisa che l&#8217;orario verr\u00e0 concordato anche con la famiglia Berlusconi.Alle esequie di Stato sar\u00e0 presente [&hellip;]<\/p>\n","protected":false},"author":18,"featured_media":0,"comment_status":"closed","ping_status":"closed","sticky":false,"template":"","format":"standard","meta":{"ub_ctt_via":"","_mi_skip_tracking":false},"categories":[446],"tags":[783],"featured_image_src":null,"author_info":{"display_name":"Admin","author_link":"https:\/\/www.messinaoggi.it\/website\/author\/admin\/"},"digistream_id":0,"digistream":false,"_links":{"self":[{"href":"https:\/\/www.messinaoggi.it\/website\/wp-json\/wp\/v2\/posts\/158911"}],"collection":[{"href":"https:\/\/www.messinaoggi.it\/website\/wp-json\/wp\/v2\/posts"}],"about":[{"href":"https:\/\/www.messinaoggi.it\/website\/wp-json\/wp\/v2\/types\/post"}],"author":[{"embeddable":true,"href":"https:\/\/www.messinaoggi.it\/website\/wp-json\/wp\/v2\/users\/18"}],"replies":[{"embeddable":true,"href":"https:\/\/www.messinaoggi.it\/website\/wp-json\/wp\/v2\/comments?post=158911"}],"version-history":[{"count":0,"href":"https:\/\/www.messinaoggi.it\/website\/wp-json\/wp\/v2\/posts\/158911\/revisions"}],"wp:attachment":[{"href":"https:\/\/www.messinaoggi.it\/website\/wp-json\/wp\/v2\/media?parent=158911"}],"wp:term":[{"taxonomy":"category","embeddable":true,"href":"https:\/\/www.messinaoggi.it\/website\/wp-json\/wp\/v2\/categories?post=158911"},{"taxonomy":"post_tag","embeddable":true,"href":"https:\/\/www.messinaoggi.it\/website\/wp-json\/wp\/v2\/tags?post=158911"}],"curies":[{"name":"wp","href":"https:\/\/api.w.org\/{rel}","templated":true}]}}