{"id":158873,"date":"2023-06-12T11:07:52","date_gmt":"2023-06-12T09:07:52","guid":{"rendered":"https:\/\/www.messinaoggi.it\/website\/2023\/06\/12\/lavoro-minorile-mattarella-a-milioni-di-bambini-negato-lavvenire\/"},"modified":"2023-06-12T11:07:52","modified_gmt":"2023-06-12T09:07:52","slug":"lavoro-minorile-mattarella-a-milioni-di-bambini-negato-lavvenire","status":"publish","type":"post","link":"https:\/\/www.messinaoggi.it\/website\/2023\/06\/12\/lavoro-minorile-mattarella-a-milioni-di-bambini-negato-lavvenire\/","title":{"rendered":"Lavoro minorile, Mattarella \u201cA milioni di bambini negato l\u2019avvenire\u201d"},"content":{"rendered":"<div>ROMA (ITALPRESS) &#8211; &#8220;Il futuro dell&#8217;umanit\u00e0 \u00e8 legato alla capacit\u00e0 di proteggere i bambini. La protezione sociale di cui dovrebbero godere &#8211; diritto alla salute e all&#8217;istruzione &#8211; indipendentemente dal luogo in cui si \u00e8 nati, \u00e8 ben lungi dall&#8217;essere una realt\u00e0. <br \/>In tutto il mondo, a milioni di bambini viene negato l&#8217;avvenire. <br \/>Inseriti nei processi produttivi dell&#8217;economia globalizzata, prime vittime delle guerre e dei disastri naturali, viene loro sottratta l&#8217;infanzia e vengono costretti a lavorare in tenera et\u00e0&#8221;. Lo afferma in una nota il presidente della Repubblica, Sergio Mattarella, in occasione della Giornata Mondiale contro lo sfruttamento del lavoro minorile.<br \/>&#8220;Schiavi invisibili &#8211; come denuncia l&#8217;Organizzazione Internazionale del Lavoro &#8211; di una spirale inammissibile di violenza e abusi &#8211; prosegue il capo dello Stato -. Anche in Italia i numeri sul lavoro minorile fanno riflettere: sono espressione del disagio sociale presente in troppe aree del Paese e trovano connessione anche con manifestazioni della criminalit\u00e0 organizzata. E&#8217; necessaria una presa di coscienza della pericolosit\u00e0 dell&#8217;ingresso in et\u00e0 precoce nel mondo del lavoro di bambini e ragazzi che, senza alcuna tutela, vedono compromettere irrimediabilmente il proprio futuro e del danno che questo reca all&#8217;intera societ\u00e0&#8221;.<br \/>&#8220;E&#8217; una responsabilit\u00e0 per fronteggiare la quale sono necessari l&#8217;impegno dei governi, delle imprese, della societ\u00e0 civile e l&#8217;adozione, a livello internazionale, di comportamenti eticamente condivisi anche da parte dei consumatori. La realizzazione delle ambizioni delle bambine e dei bambini deve essere una delle preoccupazioni primarie&#8221;, conclude Mattarella.<div id=\"div-gpt-ad-Messinaoggi.it-DSK-300x250-corpoart\" style=\"text-align:center;margin:0 auto;\"><\/div><\/p>\n<p>&#8211; foto ufficio stampa Quirinale &#8211;<div id=\"videoincontent\" style=\"clear:both\";><\/div><\/p>\n<p>(ITALPRESS).<\/p><\/div>\n","protected":false},"excerpt":{"rendered":"<p>ROMA (ITALPRESS) &#8211; &#8220;Il futuro dell&#8217;umanit\u00e0 \u00e8 legato alla capacit\u00e0 di proteggere i bambini. La protezione sociale di cui dovrebbero godere &#8211; diritto alla salute e all&#8217;istruzione &#8211; indipendentemente dal luogo in cui si \u00e8 nati, \u00e8 ben lungi dall&#8217;essere una realt\u00e0. In tutto il mondo, a milioni di bambini viene negato l&#8217;avvenire. Inseriti nei [&hellip;]<\/p>\n","protected":false},"author":18,"featured_media":158874,"comment_status":"closed","ping_status":"closed","sticky":false,"template":"","format":"standard","meta":{"ub_ctt_via":"","_mi_skip_tracking":false},"categories":[446],"tags":[783],"featured_image_src":"https:\/\/www.messinaoggi.it\/website\/wp-content\/uploads\/2023\/06\/20230612_0158.jpg","author_info":{"display_name":"Admin","author_link":"https:\/\/www.messinaoggi.it\/website\/author\/admin\/"},"digistream_id":0,"digistream":false,"_links":{"self":[{"href":"https:\/\/www.messinaoggi.it\/website\/wp-json\/wp\/v2\/posts\/158873"}],"collection":[{"href":"https:\/\/www.messinaoggi.it\/website\/wp-json\/wp\/v2\/posts"}],"about":[{"href":"https:\/\/www.messinaoggi.it\/website\/wp-json\/wp\/v2\/types\/post"}],"author":[{"embeddable":true,"href":"https:\/\/www.messinaoggi.it\/website\/wp-json\/wp\/v2\/users\/18"}],"replies":[{"embeddable":true,"href":"https:\/\/www.messinaoggi.it\/website\/wp-json\/wp\/v2\/comments?post=158873"}],"version-history":[{"count":0,"href":"https:\/\/www.messinaoggi.it\/website\/wp-json\/wp\/v2\/posts\/158873\/revisions"}],"wp:featuredmedia":[{"embeddable":true,"href":"https:\/\/www.messinaoggi.it\/website\/wp-json\/wp\/v2\/media\/158874"}],"wp:attachment":[{"href":"https:\/\/www.messinaoggi.it\/website\/wp-json\/wp\/v2\/media?parent=158873"}],"wp:term":[{"taxonomy":"category","embeddable":true,"href":"https:\/\/www.messinaoggi.it\/website\/wp-json\/wp\/v2\/categories?post=158873"},{"taxonomy":"post_tag","embeddable":true,"href":"https:\/\/www.messinaoggi.it\/website\/wp-json\/wp\/v2\/tags?post=158873"}],"curies":[{"name":"wp","href":"https:\/\/api.w.org\/{rel}","templated":true}]}}