{"id":158849,"date":"2023-06-12T08:36:12","date_gmt":"2023-06-12T06:36:12","guid":{"rendered":"http:\/\/www.messinaoggi.it\/website\/?p=158849"},"modified":"2023-06-12T08:36:13","modified_gmt":"2023-06-12T06:36:13","slug":"festa-a-santo-stefano-briga-ci-saranno-anche-i-bersaglieri","status":"publish","type":"post","link":"https:\/\/www.messinaoggi.it\/website\/2023\/06\/12\/festa-a-santo-stefano-briga-ci-saranno-anche-i-bersaglieri\/","title":{"rendered":"Festa a Santo Stefano Briga, ci saranno anche i Bersaglieri"},"content":{"rendered":"\n<p>Bersaglieri ancora una volta in \u201cprima linea\u201d, il prossimo 19 giugno, nell\u2019ambito dei solenni festeggiamenti organizzati dalla Comunit\u00e0 parrocchiale di San Giovanni in Santo Stefano Briga per onorare il Patrono del villaggio messinese. All\u2019atteso programma liturgico, che si svolger\u00e0 dal 16 al 25 giugno, caratterizzato dalla Novena con numerose Celebrazioni eucaristiche, recite del Rosario e momenti di intima riflessione, \u00e8 stato affiancato, negli stessi giorni, anche quello ricreativo-culturale, altrettanto ricco di appuntamenti per tutti i \u201cgusti\u201d che avr\u00e0 luogo in Piazza S. Giovanni e nell\u2019Oratorio Santa Famiglia. Ed \u00e8 in tale quadro di eventi, che luned\u00ec 19 giugno, alle ore 21, sar\u00e0 presente a S. Stefano Briga anche una rappresentanza dell\u2019Associazione Nazionale Bersaglieri della Provincia di Messina presieduta da Giovanni Saglimbeni. L\u2019occasione, tra l\u2019altro, costituir\u00e0 il vero e proprio \u201cbattesimo\u201d per la neo-costituita Sezione di Messina dell\u2019A.N.B., che affiancher\u00e0 ufficialmente quelle gi\u00e0 esistenti di Taormina-Giardini Naxos \u201cGiuseppe D\u2019Agostino\u201d e di Castroreale-Barcellona Pozzo di Gotto. Sar\u00e0 proprio la Fanfara Bersaglieri dei Peloritani \u201cMaggiore Giuseppe La Rosa\u201d della Sezione di Castroreale-Barcellona Pozzo di Gotto, a far risuonare, durante la serata, le allegre note del Corpo Speciale dell\u2019Esercito tra le caratteristiche viuzze di Santo Stefano Briga. Dagli strumenti della Fanfara, sar\u00e0 possibile ascoltare, tra le altre musiche, la conosciutissima \u201cFlick flock\u201d (considerata un vero e proprio Inno delle \u201cpiume al vento\u201d), \u201cLa ricciolina\u201d, \u201cPasso di corsa\u201d, \u201cIl reggimento di pap\u00e0\u201d e \u201cLa Variata\u201d.\u00a0<div id=\"div-gpt-ad-Messinaoggi.it-DSK-300x250-corpoart\" style=\"text-align:center;margin:0 auto;\"><\/div><\/p>\n\n\n\n<p>Come si ricorder\u00e0, lo scorso 22 e 23 aprile, a Taormina, ha avuto luogo il \u201cPrimo Raduno dei Bersaglieri della provincia di Messina\u201d, manifestazione, questa, di grande richiamo anche sotto l\u2019aspetto prettamente turistico. Per ricordare l\u2019evento, nella \u201cPerla dello Jonio\u201d \u00e8 stata predisposta una cartolina speciale con annullo filatelico raffigurante il mitico cappello con le piume, che \u00e8 risultata particolarmente gradita a chi ha voluto acquistarla all\u2019Ufficio Postale Distaccato predisposto da Poste Italiane nell\u2019affollata Piazza IX Aprile. Questa cartolina sar\u00e0 disponibile giorno 19 anche a Santo Stefano Briga durante la serata in cui, tra l\u2019altro, sar\u00e0 proiettato il video \u201cIn posa per l\u2019America\u201d che, realizzato dal giornalista e film-maker Matteo Arrigo, \u00e8 tratto dall\u2019omonimo volumetto (in distribuzione gratuita) di Pippo Sfravara ed \u00e8 strettamente connesso con la storia del \u201cSoprano\u201d (cos\u00ec i residenti definiscono il villaggio collinare) e dei Bersaglieri.<div id=\"videoincontent\" style=\"clear:both\";><\/div><\/p>\n\n\n\n<p>E sar\u00e0 ancora la musica ad allietare i presenti, sabato 24 giugno alle 21.30 e domenica 25 dopo la Santa Messa, in Piazza San Giovanni, grazie al concerto della storica Banda \u201cVincenzo Bellini\u201d. Sempre domenica, alle 19, la Processione del simulacro di San Giovanni Battista per le stradine del villaggio.  \u201cNon vi nascondo l\u2019emozione di poter vivere con voi questi giorni, ricchi di preghiera e di divertimento, per adulti e giovani &#8211; dice il parroco don Matteo Culletta -. Sar\u00e0 un\u2019occasione per rinnovare la nostra fraternit\u00e0, per gustare la gioia di poter stare insieme, ma anche di guardare al di l\u00e0 del nostro villaggio, a coloro che soffrono per la guerra e le tante calamit\u00e0 naturali. Approfittiamone per pregare per loro e pregare per noi stessi, affinch\u00e9 non manchi mai la comunione e la carit\u00e0. Guardiamo a Ges\u00f9, mite agnello immolato, e sperimentiamo la determinazione nel saperci offrire per i nostri fratelli. Il Signore ce ne riconosca il merito. Auguri cari fratelli e sorelle, buona festa di San Giovanni Battista a tutti voi!\u201d.<\/p>\n","protected":false},"excerpt":{"rendered":"<p>Bersaglieri ancora una volta in \u201cprima linea\u201d, il prossimo 19 giugno, nell\u2019ambito dei solenni festeggiamenti organizzati dalla Comunit\u00e0 parrocchiale di San Giovanni in Santo Stefano Briga per onorare il Patrono del villaggio messinese. All\u2019atteso programma liturgico, che si svolger\u00e0 dal 16 al 25 giugno, caratterizzato dalla Novena con numerose Celebrazioni eucaristiche, recite del Rosario e [&hellip;]<\/p>\n","protected":false},"author":4,"featured_media":158850,"comment_status":"open","ping_status":"open","sticky":false,"template":"","format":"standard","meta":{"ub_ctt_via":"","_mi_skip_tracking":false},"categories":[5],"tags":[8060,796],"featured_image_src":"https:\/\/www.messinaoggi.it\/website\/wp-content\/uploads\/2023\/06\/IMG-20230612-WA0000.jpg","author_info":{"display_name":"redme","author_link":"https:\/\/www.messinaoggi.it\/website\/author\/redme\/"},"digistream_id":0,"digistream":false,"_links":{"self":[{"href":"https:\/\/www.messinaoggi.it\/website\/wp-json\/wp\/v2\/posts\/158849"}],"collection":[{"href":"https:\/\/www.messinaoggi.it\/website\/wp-json\/wp\/v2\/posts"}],"about":[{"href":"https:\/\/www.messinaoggi.it\/website\/wp-json\/wp\/v2\/types\/post"}],"author":[{"embeddable":true,"href":"https:\/\/www.messinaoggi.it\/website\/wp-json\/wp\/v2\/users\/4"}],"replies":[{"embeddable":true,"href":"https:\/\/www.messinaoggi.it\/website\/wp-json\/wp\/v2\/comments?post=158849"}],"version-history":[{"count":1,"href":"https:\/\/www.messinaoggi.it\/website\/wp-json\/wp\/v2\/posts\/158849\/revisions"}],"predecessor-version":[{"id":158851,"href":"https:\/\/www.messinaoggi.it\/website\/wp-json\/wp\/v2\/posts\/158849\/revisions\/158851"}],"wp:featuredmedia":[{"embeddable":true,"href":"https:\/\/www.messinaoggi.it\/website\/wp-json\/wp\/v2\/media\/158850"}],"wp:attachment":[{"href":"https:\/\/www.messinaoggi.it\/website\/wp-json\/wp\/v2\/media?parent=158849"}],"wp:term":[{"taxonomy":"category","embeddable":true,"href":"https:\/\/www.messinaoggi.it\/website\/wp-json\/wp\/v2\/categories?post=158849"},{"taxonomy":"post_tag","embeddable":true,"href":"https:\/\/www.messinaoggi.it\/website\/wp-json\/wp\/v2\/tags?post=158849"}],"curies":[{"name":"wp","href":"https:\/\/api.w.org\/{rel}","templated":true}]}}