{"id":158796,"date":"2023-06-11T11:08:07","date_gmt":"2023-06-11T09:08:07","guid":{"rendered":"https:\/\/www.messinaoggi.it\/website\/2023\/06\/11\/papa-francesco-sfida-immigrazione-si-affronti-partendo-da-fraternita\/"},"modified":"2023-06-11T11:35:48","modified_gmt":"2023-06-11T09:35:48","slug":"papa-francesco-sfida-immigrazione-si-affronti-partendo-da-fraternita","status":"publish","type":"post","link":"https:\/\/www.messinaoggi.it\/website\/2023\/06\/11\/papa-francesco-sfida-immigrazione-si-affronti-partendo-da-fraternita\/","title":{"rendered":"Papa Francesco \u201cSfida immigrazione si affronti partendo da fraternit\u00e0\u201d"},"content":{"rendered":"<div>ROMA (ITALPRESS) &#8211; &#8220;La fraternit\u00e0 e l&#8217;amicizia sociale \u00e8 il grande &#8220;sogno&#8221; che ho condiviso con tutta la Chiesa e tutti gli uomini e le donne di buona volont\u00e0. Penso che la fraternit\u00e0 possa essere anche fonte di ispirazione per chi vuole oggi ri-animare l&#8217;Europa, perch\u00e8 risponda pienamente alle attese sia dei suoi popoli sia del mondo intero. Perch\u00e8 un progetto di Europa oggi non pu\u00f2 che essere un progetto di respiro mondiale. Ritengo che i politici cristiani oggi si dovrebbero riconoscere dalla capacit\u00e0 di tradurre il grande sogno di fraternit\u00e0 in azioni concrete di buona politica a tutti i livelli: locale, nazionale, internazionale. Ad esempio: sfide come quella delle migrazioni, o quella della cura del pianeta, mi pare che si possano affrontare solo a partire da questo grande principio ispiratore: la fraternit\u00e0 umana&#8221;. Lo scrive Papa Francesco in un messaggio inviato al presidente del gruppo parlamentare del Partito Popolare Europeo a Strasburgo, Manfred Weber.(ITALPRESS).<div id=\"div-gpt-ad-Messinaoggi.it-DSK-300x250-corpoart\" style=\"text-align:center;margin:0 auto;\"><\/div><\/p>\n<p>Photo Credits: www.agenziafotogramma.it<\/div>\n<div id=\"videoincontent\" style=\"clear:both\";><\/div>","protected":false},"excerpt":{"rendered":"<p>ROMA (ITALPRESS) &#8211; &#8220;La fraternit\u00e0 e l&#8217;amicizia sociale \u00e8 il grande &#8220;sogno&#8221; che ho condiviso con tutta la Chiesa e tutti gli uomini e le donne di buona volont\u00e0. Penso che la fraternit\u00e0 possa essere anche fonte di ispirazione per chi vuole oggi ri-animare l&#8217;Europa, perch\u00e8 risponda pienamente alle attese sia dei suoi popoli sia [&hellip;]<\/p>\n","protected":false},"author":18,"featured_media":158797,"comment_status":"closed","ping_status":"closed","sticky":false,"template":"","format":"standard","meta":{"ub_ctt_via":"","_mi_skip_tracking":false},"categories":[446,6],"tags":[783],"featured_image_src":"https:\/\/www.messinaoggi.it\/website\/wp-content\/uploads\/2023\/06\/20230611_0137.jpg","author_info":{"display_name":"Admin","author_link":"https:\/\/www.messinaoggi.it\/website\/author\/admin\/"},"digistream_id":0,"digistream":false,"_links":{"self":[{"href":"https:\/\/www.messinaoggi.it\/website\/wp-json\/wp\/v2\/posts\/158796"}],"collection":[{"href":"https:\/\/www.messinaoggi.it\/website\/wp-json\/wp\/v2\/posts"}],"about":[{"href":"https:\/\/www.messinaoggi.it\/website\/wp-json\/wp\/v2\/types\/post"}],"author":[{"embeddable":true,"href":"https:\/\/www.messinaoggi.it\/website\/wp-json\/wp\/v2\/users\/18"}],"replies":[{"embeddable":true,"href":"https:\/\/www.messinaoggi.it\/website\/wp-json\/wp\/v2\/comments?post=158796"}],"version-history":[{"count":1,"href":"https:\/\/www.messinaoggi.it\/website\/wp-json\/wp\/v2\/posts\/158796\/revisions"}],"predecessor-version":[{"id":158804,"href":"https:\/\/www.messinaoggi.it\/website\/wp-json\/wp\/v2\/posts\/158796\/revisions\/158804"}],"wp:featuredmedia":[{"embeddable":true,"href":"https:\/\/www.messinaoggi.it\/website\/wp-json\/wp\/v2\/media\/158797"}],"wp:attachment":[{"href":"https:\/\/www.messinaoggi.it\/website\/wp-json\/wp\/v2\/media?parent=158796"}],"wp:term":[{"taxonomy":"category","embeddable":true,"href":"https:\/\/www.messinaoggi.it\/website\/wp-json\/wp\/v2\/categories?post=158796"},{"taxonomy":"post_tag","embeddable":true,"href":"https:\/\/www.messinaoggi.it\/website\/wp-json\/wp\/v2\/tags?post=158796"}],"curies":[{"name":"wp","href":"https:\/\/api.w.org\/{rel}","templated":true}]}}