{"id":158764,"date":"2023-06-10T13:07:55","date_gmt":"2023-06-10T11:07:55","guid":{"rendered":"https:\/\/www.messinaoggi.it\/website\/2023\/06\/10\/salvini-il-mes-non-e-utile-ne-conveniente\/"},"modified":"2023-06-10T15:40:14","modified_gmt":"2023-06-10T13:40:14","slug":"salvini-il-mes-non-e-utile-ne-conveniente","status":"publish","type":"post","link":"https:\/\/www.messinaoggi.it\/website\/2023\/06\/10\/salvini-il-mes-non-e-utile-ne-conveniente\/","title":{"rendered":"Salvini \u201cIl Mes non \u00e8 utile n\u00e8 conveniente\u201d"},"content":{"rendered":"<div>MANDURIA (ITALPRESS) &#8211; Il Mes &#8220;non \u00e8 utile, lo era qualche anno fa, non \u00e8 conveniente, non \u00e8 la strada migliore, non per l&#8217;Italia ma per l&#8217;Europa&#8221;. Lo ha detto il ministro delle Infrastrutture e dei Trasporti, Matteo Salvini, al Forum in Masseria 2023. A proposito del Ponte sullo Stretto Salvini ha ribadito: &#8220;Siamo gi\u00e0 arrivati al decreto, questa settimana sono stati nominati i vertici della societ\u00e0 Stretto di Messina, e nel cronoprogramma se tutto va come deve andare nelle legge di Bilancio in autunno ci saranno gli stanziamenti pubblici necessari e nella primavera-estate 2024 dovrebbero aprirsi i cantieri&#8221;. In merito al processo sulla Open Arms che lo vede imputato a Palermo Salvini ha fatto una battuta su Richard Gere: &#8220;Ho scoperto questa mattina che verr\u00e0 a deporre il 15 settembre come teste delle parti civili contro di me e quindi chiamer\u00f2 anche la mia mamma che era molto appassionata della presenza cinematografica per venire ad assistere all&#8217;udienza, io non so se questo contribuir\u00e0 al prestigio del nostro Paese, risponderemo con Lino Banfi&#8221;. <div id=\"div-gpt-ad-Messinaoggi.it-DSK-300x250-corpoart\" style=\"text-align:center;margin:0 auto;\"><\/div><\/p>\n<p>&#8211; foto: agenziafotogramma.it <div id=\"videoincontent\" style=\"clear:both\";><\/div><\/p>\n<p>(ITALPRESS).<\/p><\/div>\n","protected":false},"excerpt":{"rendered":"<p>MANDURIA (ITALPRESS) &#8211; Il Mes &#8220;non \u00e8 utile, lo era qualche anno fa, non \u00e8 conveniente, non \u00e8 la strada migliore, non per l&#8217;Italia ma per l&#8217;Europa&#8221;. Lo ha detto il ministro delle Infrastrutture e dei Trasporti, Matteo Salvini, al Forum in Masseria 2023. A proposito del Ponte sullo Stretto Salvini ha ribadito: &#8220;Siamo gi\u00e0 [&hellip;]<\/p>\n","protected":false},"author":18,"featured_media":158765,"comment_status":"closed","ping_status":"closed","sticky":false,"template":"","format":"standard","meta":{"ub_ctt_via":"","_mi_skip_tracking":false},"categories":[446,4],"tags":[783],"featured_image_src":"https:\/\/www.messinaoggi.it\/website\/wp-content\/uploads\/2023\/06\/20230610_0522.jpg","author_info":{"display_name":"Admin","author_link":"https:\/\/www.messinaoggi.it\/website\/author\/admin\/"},"digistream_id":0,"digistream":false,"_links":{"self":[{"href":"https:\/\/www.messinaoggi.it\/website\/wp-json\/wp\/v2\/posts\/158764"}],"collection":[{"href":"https:\/\/www.messinaoggi.it\/website\/wp-json\/wp\/v2\/posts"}],"about":[{"href":"https:\/\/www.messinaoggi.it\/website\/wp-json\/wp\/v2\/types\/post"}],"author":[{"embeddable":true,"href":"https:\/\/www.messinaoggi.it\/website\/wp-json\/wp\/v2\/users\/18"}],"replies":[{"embeddable":true,"href":"https:\/\/www.messinaoggi.it\/website\/wp-json\/wp\/v2\/comments?post=158764"}],"version-history":[{"count":1,"href":"https:\/\/www.messinaoggi.it\/website\/wp-json\/wp\/v2\/posts\/158764\/revisions"}],"predecessor-version":[{"id":158776,"href":"https:\/\/www.messinaoggi.it\/website\/wp-json\/wp\/v2\/posts\/158764\/revisions\/158776"}],"wp:featuredmedia":[{"embeddable":true,"href":"https:\/\/www.messinaoggi.it\/website\/wp-json\/wp\/v2\/media\/158765"}],"wp:attachment":[{"href":"https:\/\/www.messinaoggi.it\/website\/wp-json\/wp\/v2\/media?parent=158764"}],"wp:term":[{"taxonomy":"category","embeddable":true,"href":"https:\/\/www.messinaoggi.it\/website\/wp-json\/wp\/v2\/categories?post=158764"},{"taxonomy":"post_tag","embeddable":true,"href":"https:\/\/www.messinaoggi.it\/website\/wp-json\/wp\/v2\/tags?post=158764"}],"curies":[{"name":"wp","href":"https:\/\/api.w.org\/{rel}","templated":true}]}}