{"id":158762,"date":"2023-06-10T13:07:54","date_gmt":"2023-06-10T11:07:54","guid":{"rendered":"https:\/\/www.messinaoggi.it\/website\/2023\/06\/10\/renzi-governo-inconcludente-a-casa-con-alternativa-riformista\/"},"modified":"2023-06-10T15:40:21","modified_gmt":"2023-06-10T13:40:21","slug":"renzi-governo-inconcludente-a-casa-con-alternativa-riformista","status":"publish","type":"post","link":"https:\/\/www.messinaoggi.it\/website\/2023\/06\/10\/renzi-governo-inconcludente-a-casa-con-alternativa-riformista\/","title":{"rendered":"Renzi \u201cGoverno inconcludente, a casa con alternativa riformista\u201d"},"content":{"rendered":"<div>NAPOLI (ITALPRESS) &#8211; &#8220;Questo di Giorgia Meloni non \u00e8 un governo autoritario, \u00e8 un governo velleitario. Non \u00e8 un governo fascista ma \u00e8 indeciso in tutto. Non \u00e8 un governo che va esposto alla polemica europea perch\u00e8 ci porta alla deriva autoritaria, qui c&#8217;\u00e8 un Paese che \u00e8 totalmente immobile rispetto alle scelte fondamentali&#8221;. Lo dice il presidente di Italia Viva, Matteo Renzi, nel corso del suo intervento all&#8217;assemblea nazionale del partito &#8220;365 all&#8217;alba, l&#8217;alternativa \u00e8 riformista&#8221; che \u00e8 in corso di svolgimento alla Stazione Marittima di Napoli. &#8220;E&#8217; una classe politica che si diceva pronta a cambiare tutto, ma \u00e8 incerta e inconcludente &#8211; aggiunge Renzi -. Si mander\u00e0 a casa questo governo costruendo un&#8217;alternativa riformista, senza aggredire ma spiegando che, sulle parole chiave per il Paese, loro non ci sono&#8221;.<div id=\"div-gpt-ad-Messinaoggi.it-DSK-300x250-corpoart\" style=\"text-align:center;margin:0 auto;\"><\/div><\/p>\n<p>&#8211; foto: xc9\/Italpress<div id=\"videoincontent\" style=\"clear:both\";><\/div><\/p>\n<p>(ITALPRESS).<\/p><\/div>\n","protected":false},"excerpt":{"rendered":"<p>NAPOLI (ITALPRESS) &#8211; &#8220;Questo di Giorgia Meloni non \u00e8 un governo autoritario, \u00e8 un governo velleitario. Non \u00e8 un governo fascista ma \u00e8 indeciso in tutto. Non \u00e8 un governo che va esposto alla polemica europea perch\u00e8 ci porta alla deriva autoritaria, qui c&#8217;\u00e8 un Paese che \u00e8 totalmente immobile rispetto alle scelte fondamentali&#8221;. Lo [&hellip;]<\/p>\n","protected":false},"author":18,"featured_media":158763,"comment_status":"closed","ping_status":"closed","sticky":false,"template":"","format":"standard","meta":{"ub_ctt_via":"","_mi_skip_tracking":false},"categories":[446,4],"tags":[783],"featured_image_src":"https:\/\/www.messinaoggi.it\/website\/wp-content\/uploads\/2023\/06\/20230610_0513.jpg","author_info":{"display_name":"Admin","author_link":"https:\/\/www.messinaoggi.it\/website\/author\/admin\/"},"digistream_id":0,"digistream":false,"_links":{"self":[{"href":"https:\/\/www.messinaoggi.it\/website\/wp-json\/wp\/v2\/posts\/158762"}],"collection":[{"href":"https:\/\/www.messinaoggi.it\/website\/wp-json\/wp\/v2\/posts"}],"about":[{"href":"https:\/\/www.messinaoggi.it\/website\/wp-json\/wp\/v2\/types\/post"}],"author":[{"embeddable":true,"href":"https:\/\/www.messinaoggi.it\/website\/wp-json\/wp\/v2\/users\/18"}],"replies":[{"embeddable":true,"href":"https:\/\/www.messinaoggi.it\/website\/wp-json\/wp\/v2\/comments?post=158762"}],"version-history":[{"count":1,"href":"https:\/\/www.messinaoggi.it\/website\/wp-json\/wp\/v2\/posts\/158762\/revisions"}],"predecessor-version":[{"id":158777,"href":"https:\/\/www.messinaoggi.it\/website\/wp-json\/wp\/v2\/posts\/158762\/revisions\/158777"}],"wp:featuredmedia":[{"embeddable":true,"href":"https:\/\/www.messinaoggi.it\/website\/wp-json\/wp\/v2\/media\/158763"}],"wp:attachment":[{"href":"https:\/\/www.messinaoggi.it\/website\/wp-json\/wp\/v2\/media?parent=158762"}],"wp:term":[{"taxonomy":"category","embeddable":true,"href":"https:\/\/www.messinaoggi.it\/website\/wp-json\/wp\/v2\/categories?post=158762"},{"taxonomy":"post_tag","embeddable":true,"href":"https:\/\/www.messinaoggi.it\/website\/wp-json\/wp\/v2\/tags?post=158762"}],"curies":[{"name":"wp","href":"https:\/\/api.w.org\/{rel}","templated":true}]}}