{"id":15874,"date":"2018-02-19T12:52:25","date_gmt":"2018-02-19T11:52:25","guid":{"rendered":"http:\/\/www.messinaoggi.it\/website\/?p=15874"},"modified":"2018-02-19T12:52:25","modified_gmt":"2018-02-19T11:52:25","slug":"grande-successo-per-innamorati-della-bellezza-antonio-presti-e-partendo-dal-cuore-che-ci-si-apre-alla-possibilita-di-vedere-la-bellezza","status":"publish","type":"post","link":"https:\/\/www.messinaoggi.it\/website\/2018\/02\/19\/grande-successo-per-innamorati-della-bellezza-antonio-presti-e-partendo-dal-cuore-che-ci-si-apre-alla-possibilita-di-vedere-la-bellezza\/","title":{"rendered":"Grande successo per Innam\u00f2rati della Bellezza. Antonio Presti &quot;E&#039; partendo dal cuore che ci si apre alla possibilit\u00e0 di vedere la Bellezza&quot;"},"content":{"rendered":"<p>Si \u00e8 svolto lo scorso mercoled\u00ec, \u00a0a Milazzo, presso la sede del laboratorio creativo Pazzie, diretto dall\u2019artista fotografo Carlo Aloi, l\u2019evento dal titolo \u201cInnam\u00f2r\u00e0ti della bellezza\u201d.\u00a0 Ospite d\u2019onore il mecenate Antonio Presti accolto calorosamente dai padroni di casa Raffaele Esposito e Chiara Surdo, e introdotto dagli interventi di Antonio D\u2019Amico e Dario Russo. L\u2019evento \u00e8 stato caratterizzato da un duplice significato contrapposto; da un lato l\u2019amore come stato dell\u2019essere, dall\u2019altro, un monito all\u2019amore, un invito ad entrare in quello stato di grazia per nutrirsi di bellezza, che non \u00e8 mera produzione d\u2019immagini, ma essenza viva, espressione di intuizioni illuminate. E non \u00e8 \u00a0un caso che l\u2019evento abbia avuto luogo proprio nel giorno dedicato all\u2019amore, \u201cun amore \u2013 come spiega Presti &#8211; che non va concepito come mero possesso, come prescritto dalla cultura materialista nella quale viviamo, ma in quanto impulso autentico che dal cervello giunge direttamente al cuore, unico mezzo attraverso il quale \u00e8 possibile percepire la nostra natura di esseri viventi, ovvero collegati all\u2019universo che ci circonda al di l\u00e0 dei separatismi e degli individualismi che alimentano l\u2019odio\u201d.<br \/>\nE\u2019 partendo dal cuore che secondo Presti ci si apre alla possibilit\u00e0 di \u201cvedere\u201d e non di guardare la Bellezza. \u201cSiamo continuamente proiettati sul nostro egoismo \u2013 afferma, mentre camminiamo siamo abituati a volgere lo sguardo fuori di noi, verso gli altri con i quali intratteniamo rapporti sociali, sulle vetrine, presi dal materialismo e dalla brama di ostentare, ma quasi mai accade di indirizzare la vista verso noi stessi e di percepire l\u2019immenso amore di cui siamo fatti. Il \u201cvedere\u201d, infatti, in quanto stato particolare dell\u2019essere, \u00e8 il coraggio di essere ci\u00f2 che si \u00e8, il saper riconoscere bellezza, e se qualcuno afferma che per tale ragione siamo pazzi \u2013 continua Presti \u2013 rispondiamogli con un sorriso e rendiamogli grazie per avercelo ricordato\u201d.<br \/>\n<img loading=\"lazy\" class=\"alignnone size-medium wp-image-15876\" src=\"http:\/\/www.messinaoggi.it\/website\/wp-content\/uploads\/2018\/02\/Cenacolo-Presti-pubblico-300x188.jpg\" alt=\"\" width=\"300\" height=\"188\" \/><br \/>\nE\u2019 con il sorriso che si sconfigge il male. Questo Presti lo sa bene perch\u00e9 oltre a ribadirlo a parole, la sua intera vita ne \u00e8 testimonianza. Lui che ama cos\u00ec tanto la sua terra tanto da lasciare l\u2019impresa del padre per far trionfare l\u2019arte in tutte le sue forme ed ad impegnarsi in un lavoro di coscienza che intendesse offrire il senso etico dell\u2019arte, un punto di vista diverso dedicato alla Sicilia per i siciliani. Ma spesso, come accade in questi casi, la politica e le istituzioni non scendono a compromessi con la bellezza, almeno che la bellezza non scenda a compromessi con esse. E perci\u00f2 anni di lotta e di cavilli burocratici e amministrativi hanno osteggiato il lavoro di Presti, ma lui risponde con un sorriso decidendo di stare dalla parte dell\u2019amore, al servizio della bellezza e non dei potenti, sempre. \u00a0Presti ha poi menzionato i suoi progetti futuri sulla fotografia, e un cenno anche sulla sulla vicenda delle Rocce di Taormina, dopo la sentenza del CGA che ha annullato il comodato d\u2019uso stipulato la Citt\u00e0 metropolitana di Messina e la Fondazione Fiumara D\u2019Arte che dopo 50 anni di fermo avrebbe restituito il bene alla comunit\u00e0 rendendolo fruibile, vicenda che non ha scomposto il mecenate che sostiene di aver accettato la sentenza \u201cserenamente e rispettosamente\u201d. Ha parlato a lungo anche della sua vita, in particolare delle scelte che lo hanno condotto a ritirarsi a Castel di Tusa, un villaggio in riva al mare nei pressi del Parco di Fiumara d\u2019Arte. Presti, filosofo dell\u2019arte, nei numerosi anni di carriera ha dedicato il suo lavoro a far conoscere la bellezza anche nelle scuole con progetti e programmi volte alla crescita umana e intellettuale dei ragazzi. Lo ha ricordato ai presenti parlando dell\u2019importanza del ruolo educativo che la famiglia deve ritornare ad assume nei confronti dei propri figli troppo spesso abbandonati alla dittatura dei media e al potere della tecnologia.<br \/>\nPresti \u00e8 stato apprezzato dai numerosi presenti che sono accorsi per conoscere di persona il mecenate il quale non si \u00e8 risparmiato nel dispensare all\u2019intera sala la bellezza di s\u00e9 e delle sue parole.<br \/>\nE a fare da eco alle parole di Presti, dettate dall\u2019amore e dal credo, essenziali e dirette, \u00e8 stato il luogo \u201cnon- luogo\u201d Pazzie, come lo ha definito Presti prendendo a prestito le parole di Marc Aug\u00e9, un dono offerto alla gente in onore alla bellezza, accogliente, intimo e prezioso, in grado di offrire un\u2019atmosfera sacrale di rispetto e ascolto, dedizione e attenzione.<br \/>\nAlla manifestazione presente anche il Sindaco di Milazzo Giovanni Formica.<br \/>\n <div id=\"div-gpt-ad-Messinaoggi.it-DSK-300x250-corpoart\" style=\"text-align:center;margin:0 auto;\"><\/div><\/p>\n<div id=\"videoincontent\" style=\"clear:both\";><\/div>","protected":false},"excerpt":{"rendered":"<p>Si \u00e8 svolto lo scorso mercoled\u00ec, \u00a0a Milazzo, presso la sede del laboratorio creativo Pazzie, diretto dall\u2019artista fotografo Carlo Aloi, l\u2019evento dal titolo \u201cInnam\u00f2r\u00e0ti della bellezza\u201d.\u00a0 Ospite d\u2019onore il mecenate Antonio Presti accolto calorosamente dai padroni di casa Raffaele Esposito e Chiara Surdo, e introdotto dagli interventi di Antonio D\u2019Amico e Dario Russo. L\u2019evento \u00e8 [&hellip;]<\/p>\n","protected":false},"author":2,"featured_media":15875,"comment_status":"closed","ping_status":"open","sticky":false,"template":"","format":"standard","meta":{"ub_ctt_via":"","_mi_skip_tracking":false},"categories":[16],"tags":[],"featured_image_src":"https:\/\/www.messinaoggi.it\/website\/wp-content\/uploads\/2018\/02\/Cenacolo-Presti-2-copertina-1.jpg","author_info":{"display_name":"Redazione","author_link":"https:\/\/www.messinaoggi.it\/website\/author\/redazione\/"},"digistream_id":0,"digistream":false,"_links":{"self":[{"href":"https:\/\/www.messinaoggi.it\/website\/wp-json\/wp\/v2\/posts\/15874"}],"collection":[{"href":"https:\/\/www.messinaoggi.it\/website\/wp-json\/wp\/v2\/posts"}],"about":[{"href":"https:\/\/www.messinaoggi.it\/website\/wp-json\/wp\/v2\/types\/post"}],"author":[{"embeddable":true,"href":"https:\/\/www.messinaoggi.it\/website\/wp-json\/wp\/v2\/users\/2"}],"replies":[{"embeddable":true,"href":"https:\/\/www.messinaoggi.it\/website\/wp-json\/wp\/v2\/comments?post=15874"}],"version-history":[{"count":0,"href":"https:\/\/www.messinaoggi.it\/website\/wp-json\/wp\/v2\/posts\/15874\/revisions"}],"wp:featuredmedia":[{"embeddable":true,"href":"https:\/\/www.messinaoggi.it\/website\/wp-json\/wp\/v2\/media\/15875"}],"wp:attachment":[{"href":"https:\/\/www.messinaoggi.it\/website\/wp-json\/wp\/v2\/media?parent=15874"}],"wp:term":[{"taxonomy":"category","embeddable":true,"href":"https:\/\/www.messinaoggi.it\/website\/wp-json\/wp\/v2\/categories?post=15874"},{"taxonomy":"post_tag","embeddable":true,"href":"https:\/\/www.messinaoggi.it\/website\/wp-json\/wp\/v2\/tags?post=15874"}],"curies":[{"name":"wp","href":"https:\/\/api.w.org\/{rel}","templated":true}]}}