{"id":158712,"date":"2023-06-09T21:07:52","date_gmt":"2023-06-09T19:07:52","guid":{"rendered":"https:\/\/www.messinaoggi.it\/website\/2023\/06\/09\/per-il-papa-decorso-post-operatorio-regolare-e-nella-norma\/"},"modified":"2023-06-09T21:07:52","modified_gmt":"2023-06-09T19:07:52","slug":"per-il-papa-decorso-post-operatorio-regolare-e-nella-norma","status":"publish","type":"post","link":"https:\/\/www.messinaoggi.it\/website\/2023\/06\/09\/per-il-papa-decorso-post-operatorio-regolare-e-nella-norma\/","title":{"rendered":"Per il Papa decorso post operatorio regolare e nella norma"},"content":{"rendered":"<div>ROMA (ITALPRESS) &#8211; &#8220;Il decorso post operatorio del Papa continua ad essere regolare e nella norma&#8221;. Lo rende noto lo staff medico del Policlinico Gemelli, dove \u00e8 ricoverato il Pontefice dopo un intervento chirurgico.<br \/>&#8220;Il Santo Padre \u00e8 apiretico, i parametri emodinamici sono normali, ha sospeso le flebo e continuato ad alimentarsi con una dieta liquida &#8211; prosegue lo staff medico -. Il pomeriggio si \u00e8 raccolto in preghiera e si \u00e8 dedicato alle attivit\u00e0 lavorative.<br \/>In serata ha ricevuto l&#8217;Eucaristia. Papa Francesco \u00e8 toccato dai numerosi messaggi che continua a ricevere in queste ore; in particolar modo intende rivolgere il pensiero e il proprio ringraziamento ai bambini in questo momento ricoverati in ospedale, per l&#8217;affetto e l&#8217;amore ricevuto attraverso i loro disegni ed i loro messaggi. A loro, come al personale medico, agli infermieri, agli operatori socio sanitari e agli assistenti spirituali che quotidianamente toccano con mano il dolore, alleviandone il peso, esprime la propria gratitudine per la vicinanza e la preghiera&#8221;.<div id=\"div-gpt-ad-Messinaoggi.it-DSK-300x250-corpoart\" style=\"text-align:center;margin:0 auto;\"><\/div><\/p>\n<p>&#8211; foto Agenziafotogramma.it &#8211;<div id=\"videoincontent\" style=\"clear:both\";><\/div><\/p>\n<p>(ITALPRESS).<\/p><\/div>\n","protected":false},"excerpt":{"rendered":"<p>ROMA (ITALPRESS) &#8211; &#8220;Il decorso post operatorio del Papa continua ad essere regolare e nella norma&#8221;. Lo rende noto lo staff medico del Policlinico Gemelli, dove \u00e8 ricoverato il Pontefice dopo un intervento chirurgico.&#8220;Il Santo Padre \u00e8 apiretico, i parametri emodinamici sono normali, ha sospeso le flebo e continuato ad alimentarsi con una dieta liquida [&hellip;]<\/p>\n","protected":false},"author":18,"featured_media":158713,"comment_status":"closed","ping_status":"closed","sticky":false,"template":"","format":"standard","meta":{"ub_ctt_via":"","_mi_skip_tracking":false},"categories":[446],"tags":[783],"featured_image_src":"https:\/\/www.messinaoggi.it\/website\/wp-content\/uploads\/2023\/06\/20230609_2009.jpg","author_info":{"display_name":"Admin","author_link":"https:\/\/www.messinaoggi.it\/website\/author\/admin\/"},"digistream_id":0,"digistream":false,"_links":{"self":[{"href":"https:\/\/www.messinaoggi.it\/website\/wp-json\/wp\/v2\/posts\/158712"}],"collection":[{"href":"https:\/\/www.messinaoggi.it\/website\/wp-json\/wp\/v2\/posts"}],"about":[{"href":"https:\/\/www.messinaoggi.it\/website\/wp-json\/wp\/v2\/types\/post"}],"author":[{"embeddable":true,"href":"https:\/\/www.messinaoggi.it\/website\/wp-json\/wp\/v2\/users\/18"}],"replies":[{"embeddable":true,"href":"https:\/\/www.messinaoggi.it\/website\/wp-json\/wp\/v2\/comments?post=158712"}],"version-history":[{"count":0,"href":"https:\/\/www.messinaoggi.it\/website\/wp-json\/wp\/v2\/posts\/158712\/revisions"}],"wp:featuredmedia":[{"embeddable":true,"href":"https:\/\/www.messinaoggi.it\/website\/wp-json\/wp\/v2\/media\/158713"}],"wp:attachment":[{"href":"https:\/\/www.messinaoggi.it\/website\/wp-json\/wp\/v2\/media?parent=158712"}],"wp:term":[{"taxonomy":"category","embeddable":true,"href":"https:\/\/www.messinaoggi.it\/website\/wp-json\/wp\/v2\/categories?post=158712"},{"taxonomy":"post_tag","embeddable":true,"href":"https:\/\/www.messinaoggi.it\/website\/wp-json\/wp\/v2\/tags?post=158712"}],"curies":[{"name":"wp","href":"https:\/\/api.w.org\/{rel}","templated":true}]}}