{"id":158644,"date":"2023-06-09T17:08:04","date_gmt":"2023-06-09T15:08:04","guid":{"rendered":"https:\/\/www.messinaoggi.it\/website\/2023\/06\/09\/berlusconi-medici-accertamenti-programmati-nessun-allarme\/"},"modified":"2023-06-09T17:48:16","modified_gmt":"2023-06-09T15:48:16","slug":"berlusconi-medici-accertamenti-programmati-nessun-allarme","status":"publish","type":"post","link":"https:\/\/www.messinaoggi.it\/website\/2023\/06\/09\/berlusconi-medici-accertamenti-programmati-nessun-allarme\/","title":{"rendered":"Berlusconi, medici \u201cAccertamenti programmati, nessun allarme\u201d"},"content":{"rendered":"<div>MILANO (ITALPRESS) &#8211; &#8220;Il Presidente Silvio Berlusconi \u00e8 attualmente ricoverato all&#8217;Ospedale San Raffaele per l&#8217;esecuzione di accertamenti programmati in relazione alla nota patologia ematologica. L&#8217;anticipazione, ad oggi, di tali controlli risponde a criteri clinici di normale pratica in medicina e non \u00e8 correlata ad alcuna criticit\u00e0 n\u00e8 allarme&#8221;. E&#8217; quanto riportato nel bollettino medico diffuso dai professori Alberto Zangrillo e Fabio Ciceri dell&#8217;ospedale San Raffaele di Milano.<div id=\"div-gpt-ad-Messinaoggi.it-DSK-300x250-corpoart\" style=\"text-align:center;margin:0 auto;\"><\/div><\/p>\n<p>&#8211; foto Agenziafotogramma.it &#8211;<div id=\"videoincontent\" style=\"clear:both\";><\/div><\/p>\n<p>(ITALPRESS).<\/p><\/div>\n","protected":false},"excerpt":{"rendered":"<p>MILANO (ITALPRESS) &#8211; &#8220;Il Presidente Silvio Berlusconi \u00e8 attualmente ricoverato all&#8217;Ospedale San Raffaele per l&#8217;esecuzione di accertamenti programmati in relazione alla nota patologia ematologica. L&#8217;anticipazione, ad oggi, di tali controlli risponde a criteri clinici di normale pratica in medicina e non \u00e8 correlata ad alcuna criticit\u00e0 n\u00e8 allarme&#8221;. E&#8217; quanto riportato nel bollettino medico diffuso [&hellip;]<\/p>\n","protected":false},"author":18,"featured_media":158645,"comment_status":"closed","ping_status":"closed","sticky":false,"template":"","format":"standard","meta":{"ub_ctt_via":"","_mi_skip_tracking":false},"categories":[446,6],"tags":[783],"featured_image_src":"https:\/\/www.messinaoggi.it\/website\/wp-content\/uploads\/2023\/06\/20230609_1395.jpg","author_info":{"display_name":"Admin","author_link":"https:\/\/www.messinaoggi.it\/website\/author\/admin\/"},"digistream_id":0,"digistream":false,"_links":{"self":[{"href":"https:\/\/www.messinaoggi.it\/website\/wp-json\/wp\/v2\/posts\/158644"}],"collection":[{"href":"https:\/\/www.messinaoggi.it\/website\/wp-json\/wp\/v2\/posts"}],"about":[{"href":"https:\/\/www.messinaoggi.it\/website\/wp-json\/wp\/v2\/types\/post"}],"author":[{"embeddable":true,"href":"https:\/\/www.messinaoggi.it\/website\/wp-json\/wp\/v2\/users\/18"}],"replies":[{"embeddable":true,"href":"https:\/\/www.messinaoggi.it\/website\/wp-json\/wp\/v2\/comments?post=158644"}],"version-history":[{"count":1,"href":"https:\/\/www.messinaoggi.it\/website\/wp-json\/wp\/v2\/posts\/158644\/revisions"}],"predecessor-version":[{"id":158648,"href":"https:\/\/www.messinaoggi.it\/website\/wp-json\/wp\/v2\/posts\/158644\/revisions\/158648"}],"wp:featuredmedia":[{"embeddable":true,"href":"https:\/\/www.messinaoggi.it\/website\/wp-json\/wp\/v2\/media\/158645"}],"wp:attachment":[{"href":"https:\/\/www.messinaoggi.it\/website\/wp-json\/wp\/v2\/media?parent=158644"}],"wp:term":[{"taxonomy":"category","embeddable":true,"href":"https:\/\/www.messinaoggi.it\/website\/wp-json\/wp\/v2\/categories?post=158644"},{"taxonomy":"post_tag","embeddable":true,"href":"https:\/\/www.messinaoggi.it\/website\/wp-json\/wp\/v2\/tags?post=158644"}],"curies":[{"name":"wp","href":"https:\/\/api.w.org\/{rel}","templated":true}]}}