{"id":158404,"date":"2023-06-07T15:07:59","date_gmt":"2023-06-07T13:07:59","guid":{"rendered":"https:\/\/www.messinaoggi.it\/website\/2023\/06\/07\/ambiente-barbaro-rendere-protagoniste-le-piccole-citta\/"},"modified":"2023-06-07T15:07:59","modified_gmt":"2023-06-07T13:07:59","slug":"ambiente-barbaro-rendere-protagoniste-le-piccole-citta","status":"publish","type":"post","link":"https:\/\/www.messinaoggi.it\/website\/2023\/06\/07\/ambiente-barbaro-rendere-protagoniste-le-piccole-citta\/","title":{"rendered":"Ambiente, Barbaro \u201cRendere protagoniste le piccole citt\u00e0\u201d"},"content":{"rendered":"<div>NAIROBI (KENYA) (ITALPRESS) &#8211; Aperta una via di dialogo e comunicazione sui temi ambientali alla luce della presidenza brasiliana del G20, in contemporanea a quella italiana del G7: nella seconda sessione dell&#8217;Assemblea di UN Habitat, Brasile e Italia hanno portato le proprie esperienze sul tema della declinazione territoriale degli obiettivi per lo sviluppo sostenibile.<br \/>Il bilaterale ha visto la presenza da parte italiana di Claudio Barbaro, sottosegretario all&#8217;Ambiente e alla Sicurezza energetica, e di quella brasiliana con Carlos Roberto Queiroz Tom\u00e8, segretario nazionale per lo Sviluppo Urbano e Metropolitano presso il ministero delle Citt\u00e0 insieme con Guilherme Simoes, direttore del Segretariato Nazionale brasiliano per le Politiche dei Territori Periferici presso il Ministero delle Citt\u00e0.<br \/>&#8220;Tra i vari temi trattati, l&#8217;Italia ha invitato il Brasile in quanto prossimo alla presidenza del G20 a mantenere alta l&#8217;attenzione sull&#8217;iniziativa nata sotto la presidenza italiana G20 e denominata &#8216;G20 Platform sulla localizzazione degli obiettivi di sviluppo sostenibile e sulle citt\u00e0 secondari\u00e8: L&#8217;argomento \u00e8 delicato importante e non sempre sotto i riflettori &#8211; ha detto Barbaro &#8211; sotto i quali invece sono le metropoli. Le citt\u00e0 denominate &#8216;secondari\u00e8 sono da considerarsi per noi &#8216;primari\u00e8 per la loro importanza nel decongestionare i grandi centri. E per la capacit\u00e0 di generare buone pratiche urbane, sociali, ambientali ed economiche. L&#8217;Italia ha una grande tradizione di citt\u00e0 &#8216;secondari\u00e8, per storia, cultura, tradizione. Citt\u00e0 e borghi che costituiscono una rete territoriale molto ampia della quale tenere conto e che rappresenta una risorsa straordinaria da tutelare&#8221;.<div id=\"div-gpt-ad-Messinaoggi.it-DSK-300x250-corpoart\" style=\"text-align:center;margin:0 auto;\"><\/div><\/p>\n<p>&#8211; foto ufficio stampa Sottosegretario di Stato Claudio Barbaro &#8211;<div id=\"videoincontent\" style=\"clear:both\";><\/div><\/p>\n<p>(ITALPRESS).<\/p><\/div>\n","protected":false},"excerpt":{"rendered":"<p>NAIROBI (KENYA) (ITALPRESS) &#8211; Aperta una via di dialogo e comunicazione sui temi ambientali alla luce della presidenza brasiliana del G20, in contemporanea a quella italiana del G7: nella seconda sessione dell&#8217;Assemblea di UN Habitat, Brasile e Italia hanno portato le proprie esperienze sul tema della declinazione territoriale degli obiettivi per lo sviluppo sostenibile.Il bilaterale [&hellip;]<\/p>\n","protected":false},"author":18,"featured_media":158405,"comment_status":"closed","ping_status":"closed","sticky":false,"template":"","format":"standard","meta":{"ub_ctt_via":"","_mi_skip_tracking":false},"categories":[446],"tags":[783],"featured_image_src":"https:\/\/www.messinaoggi.it\/website\/wp-content\/uploads\/2023\/06\/20230607_0833.jpg","author_info":{"display_name":"Admin","author_link":"https:\/\/www.messinaoggi.it\/website\/author\/admin\/"},"digistream_id":0,"digistream":false,"_links":{"self":[{"href":"https:\/\/www.messinaoggi.it\/website\/wp-json\/wp\/v2\/posts\/158404"}],"collection":[{"href":"https:\/\/www.messinaoggi.it\/website\/wp-json\/wp\/v2\/posts"}],"about":[{"href":"https:\/\/www.messinaoggi.it\/website\/wp-json\/wp\/v2\/types\/post"}],"author":[{"embeddable":true,"href":"https:\/\/www.messinaoggi.it\/website\/wp-json\/wp\/v2\/users\/18"}],"replies":[{"embeddable":true,"href":"https:\/\/www.messinaoggi.it\/website\/wp-json\/wp\/v2\/comments?post=158404"}],"version-history":[{"count":0,"href":"https:\/\/www.messinaoggi.it\/website\/wp-json\/wp\/v2\/posts\/158404\/revisions"}],"wp:featuredmedia":[{"embeddable":true,"href":"https:\/\/www.messinaoggi.it\/website\/wp-json\/wp\/v2\/media\/158405"}],"wp:attachment":[{"href":"https:\/\/www.messinaoggi.it\/website\/wp-json\/wp\/v2\/media?parent=158404"}],"wp:term":[{"taxonomy":"category","embeddable":true,"href":"https:\/\/www.messinaoggi.it\/website\/wp-json\/wp\/v2\/categories?post=158404"},{"taxonomy":"post_tag","embeddable":true,"href":"https:\/\/www.messinaoggi.it\/website\/wp-json\/wp\/v2\/tags?post=158404"}],"curies":[{"name":"wp","href":"https:\/\/api.w.org\/{rel}","templated":true}]}}