{"id":158388,"date":"2023-06-07T11:07:56","date_gmt":"2023-06-07T09:07:56","guid":{"rendered":"https:\/\/www.messinaoggi.it\/website\/2023\/06\/07\/ucraina-tajani-con-distruzione-diga-involuzione-in-negativo\/"},"modified":"2023-06-07T11:07:56","modified_gmt":"2023-06-07T09:07:56","slug":"ucraina-tajani-con-distruzione-diga-involuzione-in-negativo","status":"publish","type":"post","link":"https:\/\/www.messinaoggi.it\/website\/2023\/06\/07\/ucraina-tajani-con-distruzione-diga-involuzione-in-negativo\/","title":{"rendered":"Ucraina, Tajani \u201cCon distruzione diga involuzione in negativo\u201d"},"content":{"rendered":"<div>MILANO (ITALPRESS) &#8211; &#8220;Rischiamo un peggioramento della situazione, non solo per gli abitanti di quella parte di Ucraina ma anche per il crescendo del conflitto&#8221; dichiara il Ministro degli Esteri Antonio Tajani a Non Stop News, su RTL 102.5 riferendosi allo scambio di accuse fra Mosca e Kiev sulla distruzione della diga di Kakhovkaa. &#8220;L&#8217;Italia ha proposto al Consiglio di Sicurezza dell&#8217;ONU e all&#8217;Assemblea Generale di dare vita ad una zona franca intorno alla centrale di Zaporizhzhia per evitare disastri di vario genere, ma pare che non ci sia ancora volont\u00e0 ad andare verso questa direzione, soprattutto da parte dei Russi. Questa situazione cambia il conflitto, non c&#8217;era mai stata un&#8217;aggressione cos\u00ec importante verso una infrastruttura la cui distruzione porta danni enormi alla popolazione. C&#8217;\u00e8 un&#8217;escalation e vedremo quali saranno le conseguenze per le persone sfollate, peggiorano anche le condizioni vita per i civili. Dobbiamo puntare a pace giusta&#8221;.<br \/>E sull&#8217;attivit\u00e0 della Santa Sede e l&#8217;intervento del Cardinale Zuppi a Kiev, Tajani aggiunge: &#8220;Non credo si tratti di una azione decisiva. Un conto \u00e8 l&#8217;attivit\u00e0 della Santa Sede e un conto \u00e8 l&#8217;attivit\u00e0 del Governo. Il Papa lavora per la pace, ha ricevuto Zelensky e ha inviato il cardinale Zuppi a Kiev per comprendere la situazione. Il Governo \u00e8 un&#8217;autorit\u00e0 politica, continuiamo a difendere l&#8217;Ucraina e difendere il ripristino del diritto internazionale, che garantisca l&#8217;indipendenza territoriale dell&#8217;Ucraina&#8221;.<div id=\"div-gpt-ad-Messinaoggi.it-DSK-300x250-corpoart\" style=\"text-align:center;margin:0 auto;\"><\/div><\/p>\n<p>foto: agenziafotogramma.it<div id=\"videoincontent\" style=\"clear:both\";><\/div><\/p>\n<p>(ITALPRESS).<\/p><\/div>\n","protected":false},"excerpt":{"rendered":"<p>MILANO (ITALPRESS) &#8211; &#8220;Rischiamo un peggioramento della situazione, non solo per gli abitanti di quella parte di Ucraina ma anche per il crescendo del conflitto&#8221; dichiara il Ministro degli Esteri Antonio Tajani a Non Stop News, su RTL 102.5 riferendosi allo scambio di accuse fra Mosca e Kiev sulla distruzione della diga di Kakhovkaa. &#8220;L&#8217;Italia [&hellip;]<\/p>\n","protected":false},"author":18,"featured_media":158389,"comment_status":"closed","ping_status":"closed","sticky":false,"template":"","format":"standard","meta":{"ub_ctt_via":"","_mi_skip_tracking":false},"categories":[446],"tags":[783],"featured_image_src":"https:\/\/www.messinaoggi.it\/website\/wp-content\/uploads\/2023\/06\/20230607_0183.jpg","author_info":{"display_name":"Admin","author_link":"https:\/\/www.messinaoggi.it\/website\/author\/admin\/"},"digistream_id":0,"digistream":false,"_links":{"self":[{"href":"https:\/\/www.messinaoggi.it\/website\/wp-json\/wp\/v2\/posts\/158388"}],"collection":[{"href":"https:\/\/www.messinaoggi.it\/website\/wp-json\/wp\/v2\/posts"}],"about":[{"href":"https:\/\/www.messinaoggi.it\/website\/wp-json\/wp\/v2\/types\/post"}],"author":[{"embeddable":true,"href":"https:\/\/www.messinaoggi.it\/website\/wp-json\/wp\/v2\/users\/18"}],"replies":[{"embeddable":true,"href":"https:\/\/www.messinaoggi.it\/website\/wp-json\/wp\/v2\/comments?post=158388"}],"version-history":[{"count":0,"href":"https:\/\/www.messinaoggi.it\/website\/wp-json\/wp\/v2\/posts\/158388\/revisions"}],"wp:featuredmedia":[{"embeddable":true,"href":"https:\/\/www.messinaoggi.it\/website\/wp-json\/wp\/v2\/media\/158389"}],"wp:attachment":[{"href":"https:\/\/www.messinaoggi.it\/website\/wp-json\/wp\/v2\/media?parent=158388"}],"wp:term":[{"taxonomy":"category","embeddable":true,"href":"https:\/\/www.messinaoggi.it\/website\/wp-json\/wp\/v2\/categories?post=158388"},{"taxonomy":"post_tag","embeddable":true,"href":"https:\/\/www.messinaoggi.it\/website\/wp-json\/wp\/v2\/tags?post=158388"}],"curies":[{"name":"wp","href":"https:\/\/api.w.org\/{rel}","templated":true}]}}