{"id":158367,"date":"2023-06-07T07:00:07","date_gmt":"2023-06-07T05:00:07","guid":{"rendered":"http:\/\/www.messinaoggi.it\/website\/?p=158367"},"modified":"2023-06-06T22:37:27","modified_gmt":"2023-06-06T20:37:27","slug":"societa-stretto-di-messina-nominati-lad-e-il-presidente","status":"publish","type":"post","link":"https:\/\/www.messinaoggi.it\/website\/2023\/06\/07\/societa-stretto-di-messina-nominati-lad-e-il-presidente\/","title":{"rendered":"Societ\u00e0 Stretto di Messina, nominati l&#8217;ad e il presidente"},"content":{"rendered":"\n<p>Sono stati nominati l\u2019amministratore delegato e il presidente della societ\u00e0 Stretto di Messina, societ\u00e0 pubblica che si occuper\u00e0 della progettazione, realizzazione e gestione del Ponte sullo Stretto. L&#8217;assemblea dei soci della societ\u00e0 Stretto di Messina, riunitasi ieri, ha infatti nominato il nuovo consiglio di amministrazione e approvato il nuovo Statuto.<div id=\"div-gpt-ad-Messinaoggi.it-DSK-300x250-corpoart\" style=\"text-align:center;margin:0 auto;\"><\/div><\/p>\n\n\n\n<p>Sono stati designati amministratore delegato Pietro Ciucci e presidente Giuseppe Recchi. Compongono il cda Eleonora Mariani, Ida Nicotra e Giacomo Francesco Saccomanno. \u00c8 la prima riunione della societ\u00e0, tornata in bonis dopo la gestione liquidatoria, che si presenta totalmente rinnovata.<div id=\"videoincontent\" style=\"clear:both\";><\/div><\/p>\n\n\n\n<p>La Stretto di Messina \u00e8 una societ\u00e0 in house, integralmente pubblica, che vedr\u00e0 la partecipazione di Rfi, Anas, Regione Siciliana e Regione Calabria e per una quota non inferiore al 51% di Mef e Mit, il cui cda estremamente snello \u00e8 teso a garantire maggiore efficacia, velocit\u00e0 decisionale e operativit\u00e0.<\/p>\n","protected":false},"excerpt":{"rendered":"<p>Sono stati nominati l\u2019amministratore delegato e il presidente della societ\u00e0 Stretto di Messina, societ\u00e0 pubblica che si occuper\u00e0 della progettazione, realizzazione e gestione del Ponte sullo Stretto. L&#8217;assemblea dei soci della societ\u00e0 Stretto di Messina, riunitasi ieri, ha infatti nominato il nuovo consiglio di amministrazione e approvato il nuovo Statuto. Sono stati designati amministratore delegato [&hellip;]<\/p>\n","protected":false},"author":8,"featured_media":158368,"comment_status":"open","ping_status":"open","sticky":false,"template":"","format":"standard","meta":{"ub_ctt_via":"","_mi_skip_tracking":false},"categories":[6],"tags":[8035,8034,8033],"featured_image_src":"https:\/\/www.messinaoggi.it\/website\/wp-content\/uploads\/2023\/06\/Giuseppe-Recchi.jpg","author_info":{"display_name":"red..me","author_link":"https:\/\/www.messinaoggi.it\/website\/author\/redstage\/"},"digistream_id":0,"digistream":false,"_links":{"self":[{"href":"https:\/\/www.messinaoggi.it\/website\/wp-json\/wp\/v2\/posts\/158367"}],"collection":[{"href":"https:\/\/www.messinaoggi.it\/website\/wp-json\/wp\/v2\/posts"}],"about":[{"href":"https:\/\/www.messinaoggi.it\/website\/wp-json\/wp\/v2\/types\/post"}],"author":[{"embeddable":true,"href":"https:\/\/www.messinaoggi.it\/website\/wp-json\/wp\/v2\/users\/8"}],"replies":[{"embeddable":true,"href":"https:\/\/www.messinaoggi.it\/website\/wp-json\/wp\/v2\/comments?post=158367"}],"version-history":[{"count":1,"href":"https:\/\/www.messinaoggi.it\/website\/wp-json\/wp\/v2\/posts\/158367\/revisions"}],"predecessor-version":[{"id":158369,"href":"https:\/\/www.messinaoggi.it\/website\/wp-json\/wp\/v2\/posts\/158367\/revisions\/158369"}],"wp:featuredmedia":[{"embeddable":true,"href":"https:\/\/www.messinaoggi.it\/website\/wp-json\/wp\/v2\/media\/158368"}],"wp:attachment":[{"href":"https:\/\/www.messinaoggi.it\/website\/wp-json\/wp\/v2\/media?parent=158367"}],"wp:term":[{"taxonomy":"category","embeddable":true,"href":"https:\/\/www.messinaoggi.it\/website\/wp-json\/wp\/v2\/categories?post=158367"},{"taxonomy":"post_tag","embeddable":true,"href":"https:\/\/www.messinaoggi.it\/website\/wp-json\/wp\/v2\/tags?post=158367"}],"curies":[{"name":"wp","href":"https:\/\/api.w.org\/{rel}","templated":true}]}}