{"id":158205,"date":"2023-06-05T21:07:53","date_gmt":"2023-06-05T19:07:53","guid":{"rendered":"https:\/\/www.messinaoggi.it\/website\/2023\/06\/05\/pnrr-meloni-sulla-corte-dei-conti-nulla-di-diverso-dal-governo-draghi\/"},"modified":"2023-06-05T21:07:53","modified_gmt":"2023-06-05T19:07:53","slug":"pnrr-meloni-sulla-corte-dei-conti-nulla-di-diverso-dal-governo-draghi","status":"publish","type":"post","link":"https:\/\/www.messinaoggi.it\/website\/2023\/06\/05\/pnrr-meloni-sulla-corte-dei-conti-nulla-di-diverso-dal-governo-draghi\/","title":{"rendered":"Pnrr, Meloni \u201cSulla Corte dei Conti nulla di diverso dal Governo Draghi\u201d"},"content":{"rendered":"<div>ROMA (ITALPRESS) &#8211; &#8220;Ho capito che la sinistra \u00e8 molto in difficolt\u00e0, dice che c&#8217;\u00e8 una deriva autoritaria se sulla Corte dei Conti proroghi le norme del governo Draghi del quale loro facevano parte. Segnalo sommessamente che quello che noi stiamo facendo sulla Corte dei Conti in rapporto ai controlli sul Pnrr, non \u00e8 nulla di difforme da quello che ha fatto il precedente governo. Il problema qual \u00e8? Che c&#8217;\u00e8 una deriva autoritaria o che qualcuno che viene da destra e non da sinistra non pu\u00f2 fare le stesse cose e non ha gli stessi diritti che avevano loro?&#8221;. Cos\u00ec il presidente del Consiglio, Giorgia Meloni, a Quarta Repubblica su Retequattro. <br \/>&#8220;Il problema della sinistra \u00e8 che \u00e8 un p\u00f2 a corto di argomenti perch\u00e8 noi governando stiamo smontando il racconto di una destra impresentabile, di una destra autoritaria, incapace di governare, e stiamo dimostrando in Italia e fuori dai confini nazionali che invece esiste una destra affidabile, credibile, capace di governare, perfettamente presentabile e che raggiunge risultati che altri non hanno raggiunto &#8211; prosegue Meloni -. L&#8217;Italia \u00e8 la nazione che sta crescendo di pi\u00f9 in Europa e ha appena raggiunto il record storico di occupazione, numero occupati e contratti stabili. Questo deriva da molte cose ma anche dal fatto che c&#8217;\u00e8 una solidit\u00e0, credibilit\u00e0 e seriet\u00e0 del lavoro che si fa&#8221;.<br \/>&#8220;Si diceva arriva la Meloni, le cavallette, i mercati&#8230; la Borsa sta andando molto bene, lo spread \u00e8 pi\u00f9 bassi di quello che c&#8217;era nel precedente governo, gli hedge fund hanno smesso di scommettere contro il debito pubblico italiano, abbiamo i Btp valore andato stra bene, c&#8217;\u00e8 una seriet\u00e0&#8221;, aggiunge il premier.<div id=\"div-gpt-ad-Messinaoggi.it-DSK-300x250-corpoart\" style=\"text-align:center;margin:0 auto;\"><\/div><\/p>\n<p>&#8211; foto Agenziafotogramma.it &#8211;<div id=\"videoincontent\" style=\"clear:both\";><\/div><\/p>\n<p>(ITALPRESS).<\/p><\/div>\n","protected":false},"excerpt":{"rendered":"<p>ROMA (ITALPRESS) &#8211; &#8220;Ho capito che la sinistra \u00e8 molto in difficolt\u00e0, dice che c&#8217;\u00e8 una deriva autoritaria se sulla Corte dei Conti proroghi le norme del governo Draghi del quale loro facevano parte. Segnalo sommessamente che quello che noi stiamo facendo sulla Corte dei Conti in rapporto ai controlli sul Pnrr, non \u00e8 nulla [&hellip;]<\/p>\n","protected":false},"author":18,"featured_media":158206,"comment_status":"closed","ping_status":"closed","sticky":false,"template":"","format":"standard","meta":{"ub_ctt_via":"","_mi_skip_tracking":false},"categories":[446],"tags":[783],"featured_image_src":"https:\/\/www.messinaoggi.it\/website\/wp-content\/uploads\/2023\/06\/20230605_2084.jpg","author_info":{"display_name":"Admin","author_link":"https:\/\/www.messinaoggi.it\/website\/author\/admin\/"},"digistream_id":0,"digistream":false,"_links":{"self":[{"href":"https:\/\/www.messinaoggi.it\/website\/wp-json\/wp\/v2\/posts\/158205"}],"collection":[{"href":"https:\/\/www.messinaoggi.it\/website\/wp-json\/wp\/v2\/posts"}],"about":[{"href":"https:\/\/www.messinaoggi.it\/website\/wp-json\/wp\/v2\/types\/post"}],"author":[{"embeddable":true,"href":"https:\/\/www.messinaoggi.it\/website\/wp-json\/wp\/v2\/users\/18"}],"replies":[{"embeddable":true,"href":"https:\/\/www.messinaoggi.it\/website\/wp-json\/wp\/v2\/comments?post=158205"}],"version-history":[{"count":0,"href":"https:\/\/www.messinaoggi.it\/website\/wp-json\/wp\/v2\/posts\/158205\/revisions"}],"wp:featuredmedia":[{"embeddable":true,"href":"https:\/\/www.messinaoggi.it\/website\/wp-json\/wp\/v2\/media\/158206"}],"wp:attachment":[{"href":"https:\/\/www.messinaoggi.it\/website\/wp-json\/wp\/v2\/media?parent=158205"}],"wp:term":[{"taxonomy":"category","embeddable":true,"href":"https:\/\/www.messinaoggi.it\/website\/wp-json\/wp\/v2\/categories?post=158205"},{"taxonomy":"post_tag","embeddable":true,"href":"https:\/\/www.messinaoggi.it\/website\/wp-json\/wp\/v2\/tags?post=158205"}],"curies":[{"name":"wp","href":"https:\/\/api.w.org\/{rel}","templated":true}]}}