{"id":158203,"date":"2023-06-05T20:07:53","date_gmt":"2023-06-05T18:07:53","guid":{"rendered":"https:\/\/www.messinaoggi.it\/website\/2023\/06\/05\/ambiente-barbaro-mettere-al-centro-le-amministrazioni-locali\/"},"modified":"2023-06-05T20:07:53","modified_gmt":"2023-06-05T18:07:53","slug":"ambiente-barbaro-mettere-al-centro-le-amministrazioni-locali","status":"publish","type":"post","link":"https:\/\/www.messinaoggi.it\/website\/2023\/06\/05\/ambiente-barbaro-mettere-al-centro-le-amministrazioni-locali\/","title":{"rendered":"Ambiente, Barbaro \u201cMettere al centro le amministrazioni locali\u201d"},"content":{"rendered":"<div>ROMA (ITALPRESS) &#8211; &#8220;Il coinvolgimento delle Regioni, provincie autonome e citt\u00e0 metropolitane nell&#8217;identificazione e nel perseguimento dei programmi legati alle politiche di sostenibilit\u00e0 \u00e8 la strada a nostro avviso maestra e da percorrere per riuscire ad arrivare ai traguardi dell&#8217;Agenda 2030. E&#8217; per questo che l&#8217;Italia si \u00e8 fatta promotrice insieme con il Brasile, Egitto, Malesia, Spagna, Portogallo e Botswuana della risoluzione &#8216;Localizzazione degli obiettivi di sviluppo sostenibil\u00e8&#8221;. Lo ha detto il sottosegretario all&#8217;Ambiente e alla Sicurezza energetica Claudio Barbaro, nel corso dell&#8217;intervento introduttivo dell&#8217;Italia a UN Habitat, a Nairobi.<br \/>La risoluzione laddove approvata consentir\u00e0 a UN Habitat di promuovere buone pratiche e mettere a disposizione la propria competenza tecnica a livello anche locale.<br \/>&#8220;La sfida \u00e8 legata alla nascita di una vera e propria comunit\u00e0 di pratica globale&#8221;, ha concluso Barbaro.<div id=\"div-gpt-ad-Messinaoggi.it-DSK-300x250-corpoart\" style=\"text-align:center;margin:0 auto;\"><\/div><\/p>\n<p>&#8211; foto Agenziafotogramma.it &#8211;<div id=\"videoincontent\" style=\"clear:both\";><\/div><\/p>\n<p>(ITALPRESS).<\/p><\/div>\n","protected":false},"excerpt":{"rendered":"<p>ROMA (ITALPRESS) &#8211; &#8220;Il coinvolgimento delle Regioni, provincie autonome e citt\u00e0 metropolitane nell&#8217;identificazione e nel perseguimento dei programmi legati alle politiche di sostenibilit\u00e0 \u00e8 la strada a nostro avviso maestra e da percorrere per riuscire ad arrivare ai traguardi dell&#8217;Agenda 2030. E&#8217; per questo che l&#8217;Italia si \u00e8 fatta promotrice insieme con il Brasile, Egitto, [&hellip;]<\/p>\n","protected":false},"author":18,"featured_media":158204,"comment_status":"closed","ping_status":"closed","sticky":false,"template":"","format":"standard","meta":{"ub_ctt_via":"","_mi_skip_tracking":false},"categories":[446],"tags":[783],"featured_image_src":"https:\/\/www.messinaoggi.it\/website\/wp-content\/uploads\/2023\/06\/20230605_1867.jpg","author_info":{"display_name":"Admin","author_link":"https:\/\/www.messinaoggi.it\/website\/author\/admin\/"},"digistream_id":0,"digistream":false,"_links":{"self":[{"href":"https:\/\/www.messinaoggi.it\/website\/wp-json\/wp\/v2\/posts\/158203"}],"collection":[{"href":"https:\/\/www.messinaoggi.it\/website\/wp-json\/wp\/v2\/posts"}],"about":[{"href":"https:\/\/www.messinaoggi.it\/website\/wp-json\/wp\/v2\/types\/post"}],"author":[{"embeddable":true,"href":"https:\/\/www.messinaoggi.it\/website\/wp-json\/wp\/v2\/users\/18"}],"replies":[{"embeddable":true,"href":"https:\/\/www.messinaoggi.it\/website\/wp-json\/wp\/v2\/comments?post=158203"}],"version-history":[{"count":0,"href":"https:\/\/www.messinaoggi.it\/website\/wp-json\/wp\/v2\/posts\/158203\/revisions"}],"wp:featuredmedia":[{"embeddable":true,"href":"https:\/\/www.messinaoggi.it\/website\/wp-json\/wp\/v2\/media\/158204"}],"wp:attachment":[{"href":"https:\/\/www.messinaoggi.it\/website\/wp-json\/wp\/v2\/media?parent=158203"}],"wp:term":[{"taxonomy":"category","embeddable":true,"href":"https:\/\/www.messinaoggi.it\/website\/wp-json\/wp\/v2\/categories?post=158203"},{"taxonomy":"post_tag","embeddable":true,"href":"https:\/\/www.messinaoggi.it\/website\/wp-json\/wp\/v2\/tags?post=158203"}],"curies":[{"name":"wp","href":"https:\/\/api.w.org\/{rel}","templated":true}]}}