{"id":158170,"date":"2023-06-05T18:07:57","date_gmt":"2023-06-05T16:07:57","guid":{"rendered":"https:\/\/www.messinaoggi.it\/website\/2023\/06\/05\/meloni-coniugare-sostenibilita-e-sviluppo-economico\/"},"modified":"2023-06-05T18:07:57","modified_gmt":"2023-06-05T16:07:57","slug":"meloni-coniugare-sostenibilita-e-sviluppo-economico","status":"publish","type":"post","link":"https:\/\/www.messinaoggi.it\/website\/2023\/06\/05\/meloni-coniugare-sostenibilita-e-sviluppo-economico\/","title":{"rendered":"Meloni \u201cConiugare sostenibilit\u00e0 e sviluppo economico\u201d"},"content":{"rendered":"<div>ROMA (ITALPRESS) &#8211; &#8220;Ringrazio l&#8217;associazione Remind per aver organizzato questo incontro per confrontarsi e riflettere insieme su due temi centrali dell&#8217;agenda pubblica e che mi stanno particolarmente a cuore: lo sviluppo sostenibile e la messa in sicurezza della Nazione. Il titolo dell&#8217;appuntamento di oggi rispecchia la volont\u00e0 del Governo di dare alla nostra Nazione gli strumenti necessari per un futuro di crescita e sviluppo. Un obiettivo che ci siamo posti avendo una duplice consapevolezza: le grandi sfide che siamo chiamati affrontare e le tante opportunit\u00e0 che l&#8217;Italia pu\u00f2 cogliere grazie alle esperienze, alle competenze e alle buone pratiche che arrivano dal tessuto economico e produttivo nazionale&#8221;. Lo afferma il presidente del Consiglio, Giorgia Meloni, in un messaggio inviato in occasione del convegno Futuro Italia Remind. &#8220;Una delle sfide cruciali che abbiamo davanti &#8211; aggiunge &#8211; \u00e8 saper coniugare sostenibilit\u00e0 ambientale e sviluppo economico, unendo la conservazione dell&#8217;ambiente alle attivit\u00e0 dell&#8217;uomo&#8221;. <br \/>&#8220;Da sempre &#8211; spiega il premier &#8211; siamo convinti che la sostenibilit\u00e0 ambientale non possa essere considerata una teoria astratta da perseguire senza considerare la sua reale attuazione pratica e le sue conseguenze sul nostro tessuto economico, sociale e produttivo. Noi intendiamo coniugare sostenibilit\u00e0 ambientale, economica e sociale, accompagnando le famiglie, le imprese e i cittadini verso la transizione verde senza per questo consegnarci a nuove dipendenze o distruggendo intere filiere produttive. Per fare tutto questo \u00e8 necessario che il settore pubblico e il settore privato siano alleati, si confrontino costantemente e mettano sempre la tutela della persona al centro di ogni scelta. Solo cos\u00ec possiamo fare in modo che l&#8217;Italia, anche sul fronte della sostenibilit\u00e0, possa continuare a essere un faro. Allo stesso modo, la messa in sicurezza della nostra Nazione \u00e8 un imperativo prioritario dell&#8217;agenda di Governo. Purtroppo stiamo scontando decenni di scelte mancate e di ritardi e l&#8217;idea, errata, che la cura del territorio non fosse un investimento strategico. Bisogna cambiare paradigma. Nessuno ha la bacchetta magica, ma \u00e8 arrivato il momento di immaginare un modello completamente nuovo, che sappia responsabilizzare di pi\u00f9 tutte le amministrazioni coinvolte e permetta di realizzare le opere necessarie, velocemente e bene. Non \u00e8 facile, ma il Governo sta lavorando incessantemente per raggiungere questo obiettivo&#8221;, conclude Meloni.<br \/>(ITALPRESS).<\/div>\n<div id=\"div-gpt-ad-Messinaoggi.it-DSK-300x250-corpoart\" style=\"text-align:center;margin:0 auto;\"><\/div><\/p><div id=\"videoincontent\" style=\"clear:both\";><\/div>","protected":false},"excerpt":{"rendered":"<p>ROMA (ITALPRESS) &#8211; &#8220;Ringrazio l&#8217;associazione Remind per aver organizzato questo incontro per confrontarsi e riflettere insieme su due temi centrali dell&#8217;agenda pubblica e che mi stanno particolarmente a cuore: lo sviluppo sostenibile e la messa in sicurezza della Nazione. Il titolo dell&#8217;appuntamento di oggi rispecchia la volont\u00e0 del Governo di dare alla nostra Nazione gli [&hellip;]<\/p>\n","protected":false},"author":18,"featured_media":158171,"comment_status":"closed","ping_status":"closed","sticky":false,"template":"","format":"standard","meta":{"ub_ctt_via":"","_mi_skip_tracking":false},"categories":[446],"tags":[783],"featured_image_src":"https:\/\/www.messinaoggi.it\/website\/wp-content\/uploads\/2023\/06\/20230605_1694.jpg","author_info":{"display_name":"Admin","author_link":"https:\/\/www.messinaoggi.it\/website\/author\/admin\/"},"digistream_id":0,"digistream":false,"_links":{"self":[{"href":"https:\/\/www.messinaoggi.it\/website\/wp-json\/wp\/v2\/posts\/158170"}],"collection":[{"href":"https:\/\/www.messinaoggi.it\/website\/wp-json\/wp\/v2\/posts"}],"about":[{"href":"https:\/\/www.messinaoggi.it\/website\/wp-json\/wp\/v2\/types\/post"}],"author":[{"embeddable":true,"href":"https:\/\/www.messinaoggi.it\/website\/wp-json\/wp\/v2\/users\/18"}],"replies":[{"embeddable":true,"href":"https:\/\/www.messinaoggi.it\/website\/wp-json\/wp\/v2\/comments?post=158170"}],"version-history":[{"count":0,"href":"https:\/\/www.messinaoggi.it\/website\/wp-json\/wp\/v2\/posts\/158170\/revisions"}],"wp:featuredmedia":[{"embeddable":true,"href":"https:\/\/www.messinaoggi.it\/website\/wp-json\/wp\/v2\/media\/158171"}],"wp:attachment":[{"href":"https:\/\/www.messinaoggi.it\/website\/wp-json\/wp\/v2\/media?parent=158170"}],"wp:term":[{"taxonomy":"category","embeddable":true,"href":"https:\/\/www.messinaoggi.it\/website\/wp-json\/wp\/v2\/categories?post=158170"},{"taxonomy":"post_tag","embeddable":true,"href":"https:\/\/www.messinaoggi.it\/website\/wp-json\/wp\/v2\/tags?post=158170"}],"curies":[{"name":"wp","href":"https:\/\/api.w.org\/{rel}","templated":true}]}}