{"id":158164,"date":"2023-06-05T17:07:55","date_gmt":"2023-06-05T15:07:55","guid":{"rendered":"https:\/\/www.messinaoggi.it\/website\/2023\/06\/05\/gomma-plastica-fatturato-2022-cresce-del-10-e-sfiora-i-26-miliardi\/"},"modified":"2023-06-05T17:07:55","modified_gmt":"2023-06-05T15:07:55","slug":"gomma-plastica-fatturato-2022-cresce-del-10-e-sfiora-i-26-miliardi","status":"publish","type":"post","link":"https:\/\/www.messinaoggi.it\/website\/2023\/06\/05\/gomma-plastica-fatturato-2022-cresce-del-10-e-sfiora-i-26-miliardi\/","title":{"rendered":"Gomma plastica, fatturato 2022 cresce del 10% e sfiora i 26 miliardi"},"content":{"rendered":"<div>MILANO (ITALPRESS) &#8211; Si \u00e8 riunita presso la Sala Conferenze Rogers del Politecnico di Milano l&#8217;Assemblea di Federazione Gomma Plastica, appuntamento di met\u00e0 mandato dell&#8217;attuale Consiglio di Presidenza.<br \/>L&#8217;assemblea \u00e8 stata l&#8217;occasione per discutere dell&#8217;andamento dei comparti gomma e plastica nel contesto economico nazionale e internazionale, del recente e positivo rinnovo contrattuale di categoria, con focus in particolare sul tema welfare sanitario e della crescita della Federazione in termini di nuovi soci e nuovi servizi.<br \/>Complessivamente il comparto formato dalle industrie della gomma e della plastica vale un fatturato di 25,9 miliardi di euro, secondo i dati 2022 che registrano una crescita di oltre il 10% rispetto al 2021, quando era attestato a 23,4 miliardi. Una crescita importante, che \u00e8 stata contrassegnata da numerose difficolt\u00e0 quali l&#8217;aumento dei costi delle materie prime, dell&#8217;energia e della logistica, connesse allo scenario di guerra e al perdurare della pandemia. Nello specifico, le materie prime sono aumentate anno su anno del 40%, con picchi anche superiori al 100%.<br \/>Il settore della gomma ne ha risentito particolarmente: il fatturato \u00e8 stimato in crescita di circa il 10%, passando quindi da 4,5 miliardi a 5 miliardi di euro, ma le marginalit\u00e0 sono ridotte.<br \/>Per quanto attiene al settore della plastica di prima trasformazione si registra un fatturato nell&#8217;ultimo anno pari a 20,9 miliardi di euro, con un aumento del 10,4% rispetto al 2021, anch&#8217;esso a marginalit\u00e0 compressa.<br \/>Gli addetti rimangono stabili, per un aggregato totale di 140.000 lavoratori delle due industrie.<br \/>&#8220;L&#8217;Assemblea 2023 coincide con un momento positivo per i due settori e per la Federazione &#8211; commenta Marco Do, Presidente di Federazione Gomma Plastica -: le industrie della gomma e della plastica fanno segnare un +10% di fatturato del 2022 sul 2021, a rinnovo contrattuale recentemente approvato in tempi rapidi e con una base associativa in crescita. E&#8217; una buona notizia per i nostri comparti, ma lo \u00e8 anche per lo sviluppo industriale e manifatturiero del Paese, perch\u00e8 i prodotti in gomma e in plastica sono strutturali per settori quali l&#8217;alimentare, l&#8217;agricoltura l&#8217;automotive, i trasporti in generale, la farmaceutica, la sanit\u00e0, l&#8217;edilizia, solo per citare i principali. Non possiamo per\u00f2 non sottolineare alcune difficolt\u00e0, relative all&#8217;aumento delle materie prime, dell&#8217;energia e della logistica che hanno provocato una  contrazione dei margini complessivi. Il nostro obiettivo prioritario rimane quello di essere a fianco e a supporto delle imprese dei due settori offrendo un ampio ventaglio di servizi e  consulenze, che, come dimostra l&#8217;incremento della base associativa,  le aziende nostre associate mostrano di apprezzare&#8221;.<br \/>In questo contesto di chiaroscuro, il recente rinnovo del CCNL Gomma Plastica, raggiunto in tempi brevi, \u00e8, quindi, un risultato particolarmente importante e sottolinea lo sforzo e il cambio di passo delle aziende della gomma e della plastica nell&#8217;equilibrare il costo del lavoro con i trattamenti retributivi.<br \/>&#8220;Nel TEC (Trattamento economico complessivo) &#8211; continua il presidente Do &#8211; abbiamo consolidato il welfare sanitario integrativo per tutti i 140.000 addetti, in modo da dare un supporto stabile alla salute dei nostri lavoratori. E&#8217; un contratto che va nella direzione della sostenibilit\u00e0 economica e sociale, oltre a quella ambientale in cui le nostre aziende sono impegnate da tempo&#8221;.<br \/>Per quanto riguarda l&#8217;attivit\u00e0 di Federazione Gomma Plastica, i dati danno riscontro di una crescita stabile della base associativa: se nel 2020 Federazione Gomma Plastica rappresentava circa 43.000 addetti, i dati a met\u00e0 2023 parlano di una rappresentanza di quasi 47.000 addetti, un aumento cio\u00e8 di 4.000 addetti, pari a quasi il 10% della base associativa, che corrispondono a 72 nuove aziende tra il 2021 e il primo semestre del 2023.<div id=\"div-gpt-ad-Messinaoggi.it-DSK-300x250-corpoart\" style=\"text-align:center;margin:0 auto;\"><\/div><\/p>\n<p>&#8211; foto xh7\/Italpress &#8211;<div id=\"videoincontent\" style=\"clear:both\";><\/div><\/p>\n<p>(ITALPRESS).<\/p><\/div>\n","protected":false},"excerpt":{"rendered":"<p>MILANO (ITALPRESS) &#8211; Si \u00e8 riunita presso la Sala Conferenze Rogers del Politecnico di Milano l&#8217;Assemblea di Federazione Gomma Plastica, appuntamento di met\u00e0 mandato dell&#8217;attuale Consiglio di Presidenza.L&#8217;assemblea \u00e8 stata l&#8217;occasione per discutere dell&#8217;andamento dei comparti gomma e plastica nel contesto economico nazionale e internazionale, del recente e positivo rinnovo contrattuale di categoria, con focus [&hellip;]<\/p>\n","protected":false},"author":18,"featured_media":158165,"comment_status":"closed","ping_status":"closed","sticky":false,"template":"","format":"standard","meta":{"ub_ctt_via":"","_mi_skip_tracking":false},"categories":[446],"tags":[783],"featured_image_src":"https:\/\/www.messinaoggi.it\/website\/wp-content\/uploads\/2023\/06\/20230605_1515.jpg","author_info":{"display_name":"Admin","author_link":"https:\/\/www.messinaoggi.it\/website\/author\/admin\/"},"digistream_id":0,"digistream":false,"_links":{"self":[{"href":"https:\/\/www.messinaoggi.it\/website\/wp-json\/wp\/v2\/posts\/158164"}],"collection":[{"href":"https:\/\/www.messinaoggi.it\/website\/wp-json\/wp\/v2\/posts"}],"about":[{"href":"https:\/\/www.messinaoggi.it\/website\/wp-json\/wp\/v2\/types\/post"}],"author":[{"embeddable":true,"href":"https:\/\/www.messinaoggi.it\/website\/wp-json\/wp\/v2\/users\/18"}],"replies":[{"embeddable":true,"href":"https:\/\/www.messinaoggi.it\/website\/wp-json\/wp\/v2\/comments?post=158164"}],"version-history":[{"count":0,"href":"https:\/\/www.messinaoggi.it\/website\/wp-json\/wp\/v2\/posts\/158164\/revisions"}],"wp:featuredmedia":[{"embeddable":true,"href":"https:\/\/www.messinaoggi.it\/website\/wp-json\/wp\/v2\/media\/158165"}],"wp:attachment":[{"href":"https:\/\/www.messinaoggi.it\/website\/wp-json\/wp\/v2\/media?parent=158164"}],"wp:term":[{"taxonomy":"category","embeddable":true,"href":"https:\/\/www.messinaoggi.it\/website\/wp-json\/wp\/v2\/categories?post=158164"},{"taxonomy":"post_tag","embeddable":true,"href":"https:\/\/www.messinaoggi.it\/website\/wp-json\/wp\/v2\/tags?post=158164"}],"curies":[{"name":"wp","href":"https:\/\/api.w.org\/{rel}","templated":true}]}}