{"id":158152,"date":"2023-06-05T16:07:56","date_gmt":"2023-06-05T14:07:56","guid":{"rendered":"https:\/\/www.messinaoggi.it\/website\/2023\/06\/05\/migranti-piantedosi-litalia-chiede-un-cambio-di-passo-alleuropa\/"},"modified":"2023-06-05T16:07:56","modified_gmt":"2023-06-05T14:07:56","slug":"migranti-piantedosi-litalia-chiede-un-cambio-di-passo-alleuropa","status":"publish","type":"post","link":"https:\/\/www.messinaoggi.it\/website\/2023\/06\/05\/migranti-piantedosi-litalia-chiede-un-cambio-di-passo-alleuropa\/","title":{"rendered":"Migranti, Piantedosi \u201cL\u2019Italia chiede un cambio di passo all\u2019Europa\u201d"},"content":{"rendered":"<div>ROMA (ITALPRESS) &#8211; Il ministro dell&#8217;Interno, Matteo Piantedosi, ha avuto un colloquio telefonico con il ministro per la migrazione svedese, Maria Malmer Steenergard. &#8220;In questa fase cruciale del negoziato sul Patto europeo Asilo e Migrazione &#8211; ha dichiarato il ministro &#8211; apprezzo lo sforzo della presidenza di turno svedese della UE per arrivare a un possibile conclusione del negoziato\u00a0in occasione del prossimo Consiglio Giustizia e Affari Interni previsto il gioved\u00ec 8 giugno in Lussemburgo&#8221;.<br \/>Nel corso della telefonata, \u00e8 stata menzionata la disponibilit\u00e0 europea alla richiesta del ministro Piantedosi di ottenere supporto logistico e finanziario per gli oneri che l&#8217;Italia dovr\u00e0 sostenere per far fronte ai flussi migratori. &#8220;Il nostro Paese &#8211; ha aggiunto Piantedosi &#8211; continua a non puntare sullo strumento della relocation perch\u00e8 non si \u00e8 rivelato un meccanismo solidale cos\u00ec come concepito&#8221;.<br \/>Il titolare del Viminale ha inoltre sottolineato che &#8220;l&#8217;Italia si aspetta un cambio di passo da parte dell&#8217;Europa soprattutto nell&#8217;ambito della dimensione esterna, unica vera soluzione strutturale al problema delle migrazioni dall&#8217;Africa&#8221;.<div id=\"div-gpt-ad-Messinaoggi.it-DSK-300x250-corpoart\" style=\"text-align:center;margin:0 auto;\"><\/div><\/p>\n<p>&#8211; foto Agenziafotogramma.it &#8211;<div id=\"videoincontent\" style=\"clear:both\";><\/div><\/p>\n<p>(ITALPRESS).<\/p><\/div>\n","protected":false},"excerpt":{"rendered":"<p>ROMA (ITALPRESS) &#8211; Il ministro dell&#8217;Interno, Matteo Piantedosi, ha avuto un colloquio telefonico con il ministro per la migrazione svedese, Maria Malmer Steenergard. &#8220;In questa fase cruciale del negoziato sul Patto europeo Asilo e Migrazione &#8211; ha dichiarato il ministro &#8211; apprezzo lo sforzo della presidenza di turno svedese della UE per arrivare a un [&hellip;]<\/p>\n","protected":false},"author":18,"featured_media":158153,"comment_status":"closed","ping_status":"closed","sticky":false,"template":"","format":"standard","meta":{"ub_ctt_via":"","_mi_skip_tracking":false},"categories":[446],"tags":[783],"featured_image_src":"https:\/\/www.messinaoggi.it\/website\/wp-content\/uploads\/2023\/06\/20230605_1076.jpg","author_info":{"display_name":"Admin","author_link":"https:\/\/www.messinaoggi.it\/website\/author\/admin\/"},"digistream_id":0,"digistream":false,"_links":{"self":[{"href":"https:\/\/www.messinaoggi.it\/website\/wp-json\/wp\/v2\/posts\/158152"}],"collection":[{"href":"https:\/\/www.messinaoggi.it\/website\/wp-json\/wp\/v2\/posts"}],"about":[{"href":"https:\/\/www.messinaoggi.it\/website\/wp-json\/wp\/v2\/types\/post"}],"author":[{"embeddable":true,"href":"https:\/\/www.messinaoggi.it\/website\/wp-json\/wp\/v2\/users\/18"}],"replies":[{"embeddable":true,"href":"https:\/\/www.messinaoggi.it\/website\/wp-json\/wp\/v2\/comments?post=158152"}],"version-history":[{"count":0,"href":"https:\/\/www.messinaoggi.it\/website\/wp-json\/wp\/v2\/posts\/158152\/revisions"}],"wp:featuredmedia":[{"embeddable":true,"href":"https:\/\/www.messinaoggi.it\/website\/wp-json\/wp\/v2\/media\/158153"}],"wp:attachment":[{"href":"https:\/\/www.messinaoggi.it\/website\/wp-json\/wp\/v2\/media?parent=158152"}],"wp:term":[{"taxonomy":"category","embeddable":true,"href":"https:\/\/www.messinaoggi.it\/website\/wp-json\/wp\/v2\/categories?post=158152"},{"taxonomy":"post_tag","embeddable":true,"href":"https:\/\/www.messinaoggi.it\/website\/wp-json\/wp\/v2\/tags?post=158152"}],"curies":[{"name":"wp","href":"https:\/\/api.w.org\/{rel}","templated":true}]}}