{"id":158128,"date":"2023-06-05T15:07:53","date_gmt":"2023-06-05T13:07:53","guid":{"rendered":"https:\/\/www.messinaoggi.it\/website\/2023\/06\/05\/carabinieri-mattarella-punto-di-riferimento-per-la-comunita\/"},"modified":"2023-06-05T15:07:53","modified_gmt":"2023-06-05T13:07:53","slug":"carabinieri-mattarella-punto-di-riferimento-per-la-comunita","status":"publish","type":"post","link":"https:\/\/www.messinaoggi.it\/website\/2023\/06\/05\/carabinieri-mattarella-punto-di-riferimento-per-la-comunita\/","title":{"rendered":"Carabinieri, Mattarella \u201cPunto di riferimento per la comunit\u00e0\u201d"},"content":{"rendered":"<div>ROMA (ITALPRESS) &#8211; &#8220;Nel 209\u00b0 anniversario della fondazione dell&#8217;Arma, desidero far giungere la gratitudine e l&#8217;apprezzamento della Repubblica alle donne e agli uomini dei Carabinieri, chiamati, insieme alle altre Forze Armate e di Polizia, a garantire la sicurezza degli italiani, la difesa dei loro diritti, il soccorso e l&#8217;assistenza nei momenti di difficolt\u00e0.<br \/>Sin dalla sua fondazione, quando l&#8217;Italia era ancora un&#8217;aspirazione, l&#8217;Arma \u00e8 diventata un riferimento per la comunit\u00e0, con l&#8217;affermazione della legalit\u00e0, il contrasto a ogni forma di criminalit\u00e0 e per la straordinaria capacit\u00e0 di porsi in ascolto delle persone. Con grande professionalit\u00e0 e apertura alle continue innovazioni tecnologiche, l&#8217;Arma oggi affronta temi decisivi per la qualit\u00e0 della vita collettiva: dalla sicurezza sui luoghi di lavoro, alla custodia del nostro inestimabile patrimonio culturale, alla salvaguardia dell&#8217;ambiente, degli ecosistemi e della biodiversit\u00e0, alla tutela della genuinit\u00e0 degli alimenti&#8221;. Cos\u00ec il presidente della Repubblica, Sergio Mattarella, in un messaggio inviato al comandante generale dell&#8217;Arma dei Carabinieri, generale Teo Luzi.<br \/>&#8220;Per quest&#8217;ultimo impegno, condotto dal Comando Carabinieri per la Tutela Agroalimentare, la Bandiera di Guerra dell&#8217;Arma, cui rendo il mio omaggio, \u00e8 stata insignita della Medaglia d&#8217;Oro al Merito Civile. Una infaticabile dedizione al bene comune ha travalicato i confini nazionali: nelle missioni di Pace, nelle operazioni di soccorso, nelle attivit\u00e0 a sostegno delle Forze Armate di Paesi amici, i Carabinieri hanno guadagnato l&#8217;apprezzamento della comunit\u00e0 internazionale. Desidero rinnovare il ricordo insuperabile di coloro che hanno perduto la vita in servizio. A essi vanno la riconoscenza e il rispetto della Repubblica. Ufficiali, Marescialli, Brigadieri, Appuntati e Carabinieri in servizio e in congedo, siate fieri di appartenere a un&#8217;Arma che costituisce sicuro riferimento dello Stato democratico e riscuote l&#8217;affetto e il rispetto dei cittadini.<br \/>A tutti voi e alle vostre famiglie in questo giorno di festa giungano sentimenti di intensa gratitudine e il pi\u00f9 fervido augurio. Viva l&#8217;Arma dei Carabinieri, viva la Repubblica&#8221;, conclude il capo dello Stato.<div id=\"div-gpt-ad-Messinaoggi.it-DSK-300x250-corpoart\" style=\"text-align:center;margin:0 auto;\"><\/div><\/p>\n<p>&#8211; foto ufficio stampa Quirinale &#8211;<div id=\"videoincontent\" style=\"clear:both\";><\/div><\/p>\n<p>(ITALPRESS).<\/p><\/div>\n","protected":false},"excerpt":{"rendered":"<p>ROMA (ITALPRESS) &#8211; &#8220;Nel 209\u00b0 anniversario della fondazione dell&#8217;Arma, desidero far giungere la gratitudine e l&#8217;apprezzamento della Repubblica alle donne e agli uomini dei Carabinieri, chiamati, insieme alle altre Forze Armate e di Polizia, a garantire la sicurezza degli italiani, la difesa dei loro diritti, il soccorso e l&#8217;assistenza nei momenti di difficolt\u00e0.Sin dalla sua [&hellip;]<\/p>\n","protected":false},"author":18,"featured_media":158129,"comment_status":"closed","ping_status":"closed","sticky":false,"template":"","format":"standard","meta":{"ub_ctt_via":"","_mi_skip_tracking":false},"categories":[446],"tags":[783],"featured_image_src":"https:\/\/www.messinaoggi.it\/website\/wp-content\/uploads\/2023\/06\/20230605_0778.jpg","author_info":{"display_name":"Admin","author_link":"https:\/\/www.messinaoggi.it\/website\/author\/admin\/"},"digistream_id":0,"digistream":false,"_links":{"self":[{"href":"https:\/\/www.messinaoggi.it\/website\/wp-json\/wp\/v2\/posts\/158128"}],"collection":[{"href":"https:\/\/www.messinaoggi.it\/website\/wp-json\/wp\/v2\/posts"}],"about":[{"href":"https:\/\/www.messinaoggi.it\/website\/wp-json\/wp\/v2\/types\/post"}],"author":[{"embeddable":true,"href":"https:\/\/www.messinaoggi.it\/website\/wp-json\/wp\/v2\/users\/18"}],"replies":[{"embeddable":true,"href":"https:\/\/www.messinaoggi.it\/website\/wp-json\/wp\/v2\/comments?post=158128"}],"version-history":[{"count":0,"href":"https:\/\/www.messinaoggi.it\/website\/wp-json\/wp\/v2\/posts\/158128\/revisions"}],"wp:featuredmedia":[{"embeddable":true,"href":"https:\/\/www.messinaoggi.it\/website\/wp-json\/wp\/v2\/media\/158129"}],"wp:attachment":[{"href":"https:\/\/www.messinaoggi.it\/website\/wp-json\/wp\/v2\/media?parent=158128"}],"wp:term":[{"taxonomy":"category","embeddable":true,"href":"https:\/\/www.messinaoggi.it\/website\/wp-json\/wp\/v2\/categories?post=158128"},{"taxonomy":"post_tag","embeddable":true,"href":"https:\/\/www.messinaoggi.it\/website\/wp-json\/wp\/v2\/tags?post=158128"}],"curies":[{"name":"wp","href":"https:\/\/api.w.org\/{rel}","templated":true}]}}