{"id":158117,"date":"2023-06-05T14:07:53","date_gmt":"2023-06-05T12:07:53","guid":{"rendered":"https:\/\/www.messinaoggi.it\/website\/2023\/06\/05\/forza-italia-berlusconi-riorganizzazione-senza-mortificare-nessuno\/"},"modified":"2023-06-05T14:07:53","modified_gmt":"2023-06-05T12:07:53","slug":"forza-italia-berlusconi-riorganizzazione-senza-mortificare-nessuno","status":"publish","type":"post","link":"https:\/\/www.messinaoggi.it\/website\/2023\/06\/05\/forza-italia-berlusconi-riorganizzazione-senza-mortificare-nessuno\/","title":{"rendered":"Forza Italia, Berlusconi \u201cRiorganizzazione senza mortificare nessuno\u201d"},"content":{"rendered":"<div>ROMA (ITALPRESS) &#8211; &#8220;E&#8217; certamente vero che Forza Italia voglia adeguare la sua organizzazione ai nuovi compiti e alle nuove sfide anche in vista delle prossime elezioni europee. Ma non \u00e8 vero che lo far\u00e0 &#8216;con la rivoluzion\u00e8 e mortificando le persone. Al contrario, com&#8217;\u00e8 nella tradizione del partito, lo far\u00e0 coinvolgendo tutti e valorizzando il talento di ciascuno, in funzione delle capacit\u00e0 e delle vocazioni personali&#8221;. Cos\u00ec in una nota il presidente di Forza Italia, Silvio Berlusconi.<br \/>&#8220;Dispiacciono perci\u00f2 i continui &#8216;esercizi di fantasi\u00e0 nei quali sono impegnati tanti giornali per disegnare scenari e organigrammi che non hanno alcun riscontro nella realt\u00e0 e tantomeno nelle mie intenzioni. Fortunatamente lo sanno tutti che a me stanno cuore i problemi dei cittadini, non i giochetti di partito&#8221;, conclude Berlusconi.<br \/>(ITALPRESS).<br \/>-foto agenziafotogramma.it-<\/div>\n<div id=\"div-gpt-ad-Messinaoggi.it-DSK-300x250-corpoart\" style=\"text-align:center;margin:0 auto;\"><\/div><\/p><div id=\"videoincontent\" style=\"clear:both\";><\/div>","protected":false},"excerpt":{"rendered":"<p>ROMA (ITALPRESS) &#8211; &#8220;E&#8217; certamente vero che Forza Italia voglia adeguare la sua organizzazione ai nuovi compiti e alle nuove sfide anche in vista delle prossime elezioni europee. Ma non \u00e8 vero che lo far\u00e0 &#8216;con la rivoluzion\u00e8 e mortificando le persone. Al contrario, com&#8217;\u00e8 nella tradizione del partito, lo far\u00e0 coinvolgendo tutti e valorizzando [&hellip;]<\/p>\n","protected":false},"author":18,"featured_media":158118,"comment_status":"closed","ping_status":"closed","sticky":false,"template":"","format":"standard","meta":{"ub_ctt_via":"","_mi_skip_tracking":false},"categories":[446],"tags":[783],"featured_image_src":"https:\/\/www.messinaoggi.it\/website\/wp-content\/uploads\/2023\/06\/20230605_0577.jpg","author_info":{"display_name":"Admin","author_link":"https:\/\/www.messinaoggi.it\/website\/author\/admin\/"},"digistream_id":0,"digistream":false,"_links":{"self":[{"href":"https:\/\/www.messinaoggi.it\/website\/wp-json\/wp\/v2\/posts\/158117"}],"collection":[{"href":"https:\/\/www.messinaoggi.it\/website\/wp-json\/wp\/v2\/posts"}],"about":[{"href":"https:\/\/www.messinaoggi.it\/website\/wp-json\/wp\/v2\/types\/post"}],"author":[{"embeddable":true,"href":"https:\/\/www.messinaoggi.it\/website\/wp-json\/wp\/v2\/users\/18"}],"replies":[{"embeddable":true,"href":"https:\/\/www.messinaoggi.it\/website\/wp-json\/wp\/v2\/comments?post=158117"}],"version-history":[{"count":0,"href":"https:\/\/www.messinaoggi.it\/website\/wp-json\/wp\/v2\/posts\/158117\/revisions"}],"wp:featuredmedia":[{"embeddable":true,"href":"https:\/\/www.messinaoggi.it\/website\/wp-json\/wp\/v2\/media\/158118"}],"wp:attachment":[{"href":"https:\/\/www.messinaoggi.it\/website\/wp-json\/wp\/v2\/media?parent=158117"}],"wp:term":[{"taxonomy":"category","embeddable":true,"href":"https:\/\/www.messinaoggi.it\/website\/wp-json\/wp\/v2\/categories?post=158117"},{"taxonomy":"post_tag","embeddable":true,"href":"https:\/\/www.messinaoggi.it\/website\/wp-json\/wp\/v2\/tags?post=158117"}],"curies":[{"name":"wp","href":"https:\/\/api.w.org\/{rel}","templated":true}]}}