{"id":158116,"date":"2023-06-05T14:35:15","date_gmt":"2023-06-05T12:35:15","guid":{"rendered":"http:\/\/www.messinaoggi.it\/website\/?p=158116"},"modified":"2023-06-05T14:37:01","modified_gmt":"2023-06-05T12:37:01","slug":"memar-tra-degustazioni-e-riflessioni-inizio-col-botto-al-village-dello-stretto","status":"publish","type":"post","link":"https:\/\/www.messinaoggi.it\/website\/2023\/06\/05\/memar-tra-degustazioni-e-riflessioni-inizio-col-botto-al-village-dello-stretto\/","title":{"rendered":"MEMAR, tra degustazioni e riflessioni: inizio col botto al Village dello Stretto"},"content":{"rendered":"\n<p>Prosegue a gonfie vele l&#8217;edizione di quest&#8217;anno di Messina Mese del Mare (MEMAR). Nel fine settimana appena trascorso si \u00e8 infatti tenuta l&#8217;inaugurazione del <strong>Village \u201cVele dello Stretto \u2013 MEMAR\u201d<\/strong>, a seguito della quale si sono tenuti numerosi eventi. Sabato, in particolare, \u00e8 stata la giornata inaugurale del Village, che nel corso della serata \u00e8 stata animata, oltre che dai gazebo destinati ai servizi e alle esposizioni dei circoli, da giovani cantanti e musicisti messinesi. <div id=\"div-gpt-ad-Messinaoggi.it-DSK-300x250-corpoart\" style=\"text-align:center;margin:0 auto;\"><\/div><\/p>\n\n\n\n<figure class=\"wp-block-image size-large\"><img loading=\"lazy\" width=\"1024\" height=\"768\" src=\"https:\/\/www.messinaoggi.it\/website\/wp-content\/uploads\/2023\/06\/Village-Vele-dello-Stretto-MEMAR3-1024x768.jpg\" alt=\"\" class=\"wp-image-158122\" srcset=\"https:\/\/www.messinaoggi.it\/website\/wp-content\/uploads\/2023\/06\/Village-Vele-dello-Stretto-MEMAR3-1024x768.jpg 1024w, https:\/\/www.messinaoggi.it\/website\/wp-content\/uploads\/2023\/06\/Village-Vele-dello-Stretto-MEMAR3-300x225.jpg 300w, https:\/\/www.messinaoggi.it\/website\/wp-content\/uploads\/2023\/06\/Village-Vele-dello-Stretto-MEMAR3-768x576.jpg 768w, https:\/\/www.messinaoggi.it\/website\/wp-content\/uploads\/2023\/06\/Village-Vele-dello-Stretto-MEMAR3-1536x1152.jpg 1536w, https:\/\/www.messinaoggi.it\/website\/wp-content\/uploads\/2023\/06\/Village-Vele-dello-Stretto-MEMAR3-2048x1536.jpg 2048w\" sizes=\"(max-width: 1024px) 100vw, 1024px\" \/><figcaption>Il Village Vele dello Stretto<\/figcaption><\/figure>\n\n\n\n<p>A chiudere le giornate di sabato e domenica \u00e8 stato \u201c<strong>E20 dello Stretto<\/strong>\u201d, apprezzatissimo evento enogastronomico durante il quale i partecipanti hanno potuto degustare vini e specialit\u00e0 della tradizione siciliana sullo sfondo della Passeggiata a mare e in barca a vela. Il programma prevedeva degustazioni guidate e contest enogastronomici, per valorizzare la qualit\u00e0 dei prodotti \u201cmade in Sicily\u201d. I partecipanti, in barca a vela e al Village, hanno potuto assaporare le ricchezze enogastronomiche che rappresentano la Sicilia nel mondo e apprezzare la ricercatezza dei prodotti della tradizione siciliana delle 33 aziende vinicole ed enogastronomiche presenti alla due giorni. <div id=\"videoincontent\" style=\"clear:both\";><\/div><\/p>\n\n\n\n<p><em>&#8220;Ringraziamo tutte le realt\u00e0 che hanno partecipato all\u2019iniziativa<\/em> \u2013 hanno detto Verdiana Venuto e Francesca Fulci \u2013 <em>realt\u00e0 locali, fatte di impegno, dedizione e determinazione come quella profusa per la realizzazione di questo evento&#8221;.<\/em> Tra le aziende al Village: Casa Vinicola Fazio, Cambria Vini, Tenuta Enza La Fauci, Cantina Chitarra, Azienda Agricola Fenech, Tenuta Gatti, Fondo dei Barbera, Gaglio Vignaioli, Cantine Lipari, Tenuta Lacco, Azienda Agricola Salvo \u2013 Principi di Mola, Tenuta Gatto, Cantina Gurrieri, Vini Geusu, Azienda Agricola Virgona, Cantine Madaudo, Frazzitta Vini, Distilleria Giovi, Azienda Agricola Lepardo, Azienda Agricola Vasari, Agriturismo e Malvasia delle Lipari Punta Aria, La compagnia del fermento, Mentuccia conserve isolane, Da Zia Jenny &amp;\u2026,  La Vale Bakery, Orang\u00e8 Moon, Tot\u00f2 in Sicilia, Azienda Agricola Sapori Eoliani, Azienda Agricola biologica Lumaca Sicula, Dolciaria Nicotina, La Monica, Caff\u00e8 Barbera, Panificio Lagan\u00e0, Tusibio, Plasticonf Shop.<\/p>\n\n\n\n<p><strong>&#8220;La centralit\u00e0 della blue economy in Sicilia ed a Messina&#8221;.<\/strong> Domenica, inoltre, si \u00e8 svolta la seconda giornata dell\u2019Invito alla Vela dei circoli Octopus e Windsurf Club. Nel pomeriggio, il Village ha ospitato il convegno sull\u2019economia del mare, organizzato dalla Camera di Commercio, alla presenza degli assessori Finocchiaro, Caruso e Caminiti e del Direttore Generale del Centro Studi delle Camere di Commercio \u201cGuglielmo Tagliacarne\u201d Gaetano Fausto Esposito.<\/p>\n\n\n\n<figure class=\"wp-block-image size-large\"><img loading=\"lazy\" width=\"1024\" height=\"683\" src=\"https:\/\/www.messinaoggi.it\/website\/wp-content\/uploads\/2023\/06\/Convegno-Blue-Economy3-1-1-1024x683.jpeg\" alt=\"\" class=\"wp-image-158123\" srcset=\"https:\/\/www.messinaoggi.it\/website\/wp-content\/uploads\/2023\/06\/Convegno-Blue-Economy3-1-1-1024x683.jpeg 1024w, https:\/\/www.messinaoggi.it\/website\/wp-content\/uploads\/2023\/06\/Convegno-Blue-Economy3-1-1-300x200.jpeg 300w, https:\/\/www.messinaoggi.it\/website\/wp-content\/uploads\/2023\/06\/Convegno-Blue-Economy3-1-1-768x512.jpeg 768w, https:\/\/www.messinaoggi.it\/website\/wp-content\/uploads\/2023\/06\/Convegno-Blue-Economy3-1-1-1536x1024.jpeg 1536w, https:\/\/www.messinaoggi.it\/website\/wp-content\/uploads\/2023\/06\/Convegno-Blue-Economy3-1-1.jpeg 1620w\" sizes=\"(max-width: 1024px) 100vw, 1024px\" \/><\/figure>\n\n\n\n<p>Il convegno, a cura della Camera di Commercio di Messina, ha avuto come tema \u201cLa centralit\u00e0 della blue economy in Sicilia ed a Messina\u201d. Nel corso dell\u2019incontro, moderato dal presidente di Assonautica Messina Santi Ilacqua, Gaetano Esposito, direttore generale del Centro Studi delle Camere di Commercio di \u201cGiuglielmo Tagliacarne\u201d, ha posto l\u2019accento sulla capacit\u00e0 che ha la Blue Economy di attivare gli altri settori dell\u2019economia, poich\u00e9 l\u2019economia del mare \u00e8 una filiera e come tale in grado di produrre valore e ricchezza sia direttamente che indirettamente. Esposito ha mostrato, attraverso i dati, che Messina ha un\u2019economia blu da podio, con un valore aggiunto diretto, in valori assoluti, di 542 milioni e un\u2019incidenza sul totale dell\u2019economia del 5,2%.<\/p>\n\n\n\n<p>Tra i relatori, l\u2019assessore alle attivit\u00e0 sportive Massimo Finocchiaro, che ha affermato: <em>&#8220;Sono contentissimo di partecipare a questo convegno. Quando si parla di economia blu, ecosostenibilit\u00e0 e riciclo, noi, nel nostro piccolo, ci confrontiamo sistematicamente con tutte le istituzioni con grande sinergia. Con tutta l\u2019amministrazione stiamo lavorando a tantissimi progetti destinati ai giovani e agli antichi mestieri affinch\u00e9 i nostri giovani messinesi, che con spirito di sacrificio sono andati via, possano tornare a credere di poter esprimere i loro talenti nella nostra citt\u00e0<\/em>&#8220;.<\/p>\n\n\n\n<p>Presente anche l\u2019assessore alle Politiche del mare Francesco Caminiti, che ha commentato: <em>&#8220;L\u2019amministrazione negli ultimi anni ha iniziato un percorso con interventi a breve, medio e lungo termine. I primi, per esempio, sono gli interventi nei torrenti, che hanno portato risultati immediati come la revoca del divieto di balneazione sulla spieggia del Ringo. Tutti gli interventi sono finalizzati a rendere pi\u00f9 fruibile il mare, perch\u00e9 dei 56 km di costa messinese pochi di questi sono davvero balneabili. L\u2019obiettivo \u00e8 quello di ottenere la bandiera blu, che dipende non solo dall\u2019acqua ma anche dai servizi<\/em>&#8220;.<\/p>\n\n\n\n<p><em>&#8220;Questa per tanti anni \u00e8 stata una citt\u00e0 un po\u2019 miope<\/em> \u2013 ha detto l\u2019assessore Enzo Caruso \u2013 <em>Ritengo che sia importante lavorare sulla consapevolezza della nostra ricchezza. Tutto quello che sta intorno a noi pu\u00f2 generare sviluppo, a partire dalla consapevolezza delle nostre potenzialit\u00e0. Questa citt\u00e0 sta iniziando a essere attrattiva, e puntare sugli eventi del mare ci aiuter\u00e0 a dare un valore aggiunto<\/em>&#8220;.<\/p>\n\n\n\n<p>Il presidente della Camera di Commercio Ivo Blandina, dopo aver letto un messaggio del ministro per la protezione civile e per le politiche del mare Nello Musumeci, ha commentato: <em>&#8220;Insistiamo come sistema camerale, come Camera di Commercio e come Assonautica, che non \u00e8 solo attivit\u00e0 ludica, a valorizzare il recupero delle tradizioni, del patrimonio che intendiamo valorizzare, mettere a regime e a reddito, insieme a un\u2019amministrazione che non ha mai smesso di collaborare e partecipare a una progettazione che diventa sempre pi\u00f9 concreta per valorizzare il mare sia dal punto di vista culturale che occupazionale&#8221;.  <\/em><\/p>\n\n\n\n<p><strong>I prossimi appuntamenti.<\/strong> Gli appuntamenti per la prossima settimana inizieranno con l\u2019impresa di Maurizio Schepici, uno dei protagonisti del \u201cMese del Mare \u2013 MEMAR 2023\u201d, che tra <strong>l\u20198 e l\u201911 giugno,<\/strong> con il suo <strong>off shore \u201cTommy One\u201d<\/strong>, tenter\u00e0 di migliorare il record di 51 minuti e 54 secondi per coprire la distanza tra Messina e Vulcano, andata e ritorno, raggiunto nel 2020.<\/p>\n\n\n\n<p>Il <strong>10 giugno<\/strong> si svolger\u00e0<strong> l\u2019Invito alla Vela di Stretto360, della Lega Navale e del Circolo del Tennis e della Vela<\/strong>. Prevista per <strong>domenica 11 giugno<\/strong> la <strong>grande regata dello Stretto<\/strong>, giunta alla sua <strong>settima edizione<\/strong>. La premiazione si svolger\u00e0 al <strong>Village \u201cVele dello Stretto \u2013 MEMAR<\/strong>\u201d. <\/p>\n\n\n\n<p>Il link per effettuare le iscrizioni all\u2019Invito alla Vela del 10 giugno, alla grande regata dello Stretto dell\u201911 giugno e alla gara di pesca a traina di domenica 18 giugno: <a href=\"about:blank\">https:\/\/www.assonauticamessina.com\/vele-dello-stretto<\/a><\/p>\n","protected":false},"excerpt":{"rendered":"<p>Prosegue a gonfie vele l&#8217;edizione di quest&#8217;anno di Messina Mese del Mare (MEMAR). Nel fine settimana appena trascorso si \u00e8 infatti tenuta l&#8217;inaugurazione del Village \u201cVele dello Stretto \u2013 MEMAR\u201d, a seguito della quale si sono tenuti numerosi eventi. Sabato, in particolare, \u00e8 stata la giornata inaugurale del Village, che nel corso della serata \u00e8 [&hellip;]<\/p>\n","protected":false},"author":8,"featured_media":158120,"comment_status":"open","ping_status":"open","sticky":false,"template":"","format":"standard","meta":{"ub_ctt_via":"","_mi_skip_tracking":false},"categories":[5],"tags":[8028,7907,7850,8027],"featured_image_src":"https:\/\/www.messinaoggi.it\/website\/wp-content\/uploads\/2023\/06\/E20-dello-Stretto-in-barca.jpeg","author_info":{"display_name":"red..me","author_link":"https:\/\/www.messinaoggi.it\/website\/author\/redstage\/"},"digistream_id":0,"digistream":false,"_links":{"self":[{"href":"https:\/\/www.messinaoggi.it\/website\/wp-json\/wp\/v2\/posts\/158116"}],"collection":[{"href":"https:\/\/www.messinaoggi.it\/website\/wp-json\/wp\/v2\/posts"}],"about":[{"href":"https:\/\/www.messinaoggi.it\/website\/wp-json\/wp\/v2\/types\/post"}],"author":[{"embeddable":true,"href":"https:\/\/www.messinaoggi.it\/website\/wp-json\/wp\/v2\/users\/8"}],"replies":[{"embeddable":true,"href":"https:\/\/www.messinaoggi.it\/website\/wp-json\/wp\/v2\/comments?post=158116"}],"version-history":[{"count":2,"href":"https:\/\/www.messinaoggi.it\/website\/wp-json\/wp\/v2\/posts\/158116\/revisions"}],"predecessor-version":[{"id":158125,"href":"https:\/\/www.messinaoggi.it\/website\/wp-json\/wp\/v2\/posts\/158116\/revisions\/158125"}],"wp:featuredmedia":[{"embeddable":true,"href":"https:\/\/www.messinaoggi.it\/website\/wp-json\/wp\/v2\/media\/158120"}],"wp:attachment":[{"href":"https:\/\/www.messinaoggi.it\/website\/wp-json\/wp\/v2\/media?parent=158116"}],"wp:term":[{"taxonomy":"category","embeddable":true,"href":"https:\/\/www.messinaoggi.it\/website\/wp-json\/wp\/v2\/categories?post=158116"},{"taxonomy":"post_tag","embeddable":true,"href":"https:\/\/www.messinaoggi.it\/website\/wp-json\/wp\/v2\/tags?post=158116"}],"curies":[{"name":"wp","href":"https:\/\/api.w.org\/{rel}","templated":true}]}}