{"id":158111,"date":"2023-06-05T13:26:23","date_gmt":"2023-06-05T11:26:23","guid":{"rendered":"http:\/\/www.messinaoggi.it\/website\/?p=158111"},"modified":"2023-06-05T13:26:23","modified_gmt":"2023-06-05T11:26:23","slug":"larma-dei-carabinieri-compie-209-anni","status":"publish","type":"post","link":"https:\/\/www.messinaoggi.it\/website\/2023\/06\/05\/larma-dei-carabinieri-compie-209-anni\/","title":{"rendered":"L&#8217;arma dei Carabinieri compie 209 anni"},"content":{"rendered":"\n<p>209 anni al servizio degli italiani. Questa mattina il Comando Interregionale Carabinieri \u201cCulqualber\u201d ha celebrato il 209\u00b0 anniversario della Fondazione dell\u2019Arma dei Carabinieri all\u2019interno della base della Marina Militare che ospita il Comando di Supporto Logistico Sud, quasi a voler testimoniare il forte spirito che lega la Benemerita alle altre Forze Armate e, quest\u2019oggi, in particolare, alla Marina Militare, nella cui base messinese \u00e8 stata regalata ai partecipanti una pittoresca e suggestiva veduta dello Stretto, nella splendida cornice del braccio di San Raineri.<div id=\"div-gpt-ad-Messinaoggi.it-DSK-300x250-corpoart\" style=\"text-align:center;margin:0 auto;\"><\/div><\/p>\n\n\n\n<p>La cerimonia ha visto la presenza, quale pi\u00f9 alta carica militare, del Vice Comandante Generale dell\u2019Arma dei Carabinieri e Comandante Interregionale Carabinieri \u201c<em>Culqualber<\/em>\u201d, <strong><em>Generale di Corpo d\u2019Armata<\/em><\/strong> <strong>Riccardo Galletta<\/strong>, affiancato dal Sottocapo di Stato Maggiore della Marina Militare, Ammiraglio di Squadra Giuseppe Berutti Bergotto, nonch\u00e9 del Presidente della Regione Calabria, dei Prefetti delle Province di Sicilia e di Calabria e delle pi\u00f9 alte cariche istituzionali, civili, militari e religiose delle due Regioni.<div id=\"videoincontent\" style=\"clear:both\";><\/div><\/p>\n\n\n\n<p>Erano anche presenti i Comandanti delle Legioni Carabinieri \u201cSicilia\u201d, Generale di Divisione Rosario Castello, e \u201cCalabria\u201d, Generale di Divisione Pietro Francesco Salsano.Alla manifestazione hanno preso parte i rappresentanti delle <em>Associazioni Combattentistiche e d\u2019Arma<\/em> della provincia, nonch\u00e9 dell\u2019Associazione Nazionale Carabinieri e dell\u2019Associazione Nazionale Forestali, con i rispettivi Labari.<\/p>\n\n\n\n<p>Anche quest\u2019anno, particolare attenzione \u00e8 stata rivolta ai <em>giovani<\/em>, attori essenziali della diffusione nel tessuto sociale della cultura della legalit\u00e0 e che rappresentano il simbolo del legame e della condivisione dei valori tra l\u2019Arma di oggi e le nuove generazioni. Alla cerimonia, sono infatti intervenuti oltre 200 allievi delle scuole Elementari e Medie (degli Istituti Comprensivi \u201c<em>Pascoli \u2013 Crispi<\/em>\u201d, <em>\u201cCannizzaro \u2013 Galatti<\/em>\u201d, \u201c<em>Manzoni \u2013 Dina e Clarenza\u201d, \u201cMazzini\u201d e \u201cBoer \u2013 Verona Trento\u201d<\/em>) e degli Istituti Superiori cittadini (\u201c<em>Antonello\u201d<\/em> e \u201c<em>Collegio Sant\u2019Ignazio<\/em>\u201d).<\/p>\n\n\n\n<p>La cerimonia ha avuto inizio con l\u2019ingresso di uno <em>schieramento di militari<\/em>, composto dalla Fanfara del 12\u00b0 Reggimento Carabinieri \u201cSicilia\u201d e da un Battaglione di formazione costituito da militari tratti dalle varie articolazioni e specialit\u00e0 dell\u2019Arma presenti sul territorio del Comando Interregionale CC \u201cCulqualber\u201d, nelle uniformi tipiche di ciascun reparto, dalla Grande Uniforme Speciale degli allievi della Scuola Allievi di Reggio Calabria e dei Carabinieri dell\u2019Arma territoriale, alle uniformi dei Comandanti di Stazione, sino a quelle operative dei Cacciatori di Sicilia e di Calabria, dei Nuclei Carabinieri di Polizia Militare, del Nucleo Subacquei e del RIS di Messina, piuttosto che i Carabinieri \u201cforestali\u201d di Calabria e del Centro Anticrimine Natura di Catania.<\/p>\n\n\n\n<p>In linea con l\u2019intesa interforze che ha caratterizzato l\u2019evento, nello schieramento era presente anche un plotone della Marina Militare. Il Battaglione schierato ha reso gli onori alla Bandiera d\u2019Istituto della Scuola Allievi Carabinieri di Reggio Calabria e allo stendardo di Nave Carabiniere, unit\u00e0 della Marina Militare intitolata all\u2019Arma dei Carabinieri, varata nel 2014, in occasione dell&#8217;approssimarsi del bicentenario di fondazione dell&#8217;Arma.<\/p>\n\n\n\n<p>Dopo la lettura del messaggio del Presidente della Repubblica e dell\u2019Ordine del Giorno del Comandante Generale dell\u2019Arma dei Carabinieri, ha preso la parola il Generale di Corpo d\u2019Arma Riccardo Galletta, che, dopo aver ringraziato le Autorit\u00e0 presenti e gli intervenuti alla cerimonia e dopo aver ricordato i tragici eventi alluvionali che hanno colpito l\u2019Emilia Romagna,si \u00e8 rivolto a tutti i rappresentati delle Istituzioni sottolineando il rapporto di leale, costante e concreta collaborazione assicurato all\u2019Arma su tutto il territorio del Comando Interregionale (Sicilia e Calabria), ringraziando, in particolare, i numerosi Prefetti intervenuti dalle 2 regioni, le Forze Armate e le Forze di Polizia, i rappresentanti degli Enti locali, l\u2019Associazione Nazionale Carabinieri e le Associazioni Combattentistiche e d\u2019Arma.<\/p>\n\n\n\n<p>Il Generale Galletta ha evidenziato, quale cifra distintiva ed irrinunciabile dell\u2019Arma, la sua militarit\u00e0, quale habitus mentale per proporsi eticamente e psicologicamente al senso del dovere, allo spirito di servizio, alla solidariet\u00e0 ed al sacrificio. Ha poi proseguito, affermando che l\u2019Arma costituisce, accanto alle altre Forze di Polizia, ciascuna con le sue peculiarit\u00e0, un importante elemento di un complesso meccanismo che ha la funzione di assicurare la tutela dell\u2019ordinato vivere civile.<\/p>\n\n\n\n<p>Ha quindi sintetizzato i risultati operativi ottenuti dai Carabinieri del Comando Interregionale \u201cCulqualber\u201d negli ultimi 12 mesi, i quali hanno tratto in arresto in flagranza di reato <strong>2714 <\/strong>persone, delle quali <strong>104<\/strong> per rapina, <strong>504<\/strong> per furto e <strong>1011<\/strong> per stupefacenti. Altre <strong>4684<\/strong> persone sono state arrestate in esecuzione di provvedimenti dell\u2019Autorit\u00e0 Giudiziaria, delle quali <strong>52<\/strong> per omicidio, mentre <strong>49521<\/strong> sono state denunciate in stato di libert\u00e0.<\/p>\n\n\n\n<p>Sul fronte della lotta alla criminalit\u00e0 organizzata, con riferimento alle tre linee strategiche di contrasto che l\u2019Arma persegue e che il Comandante Interregionale ha impartito ai reparti dipendenti, ha evidenziato i risultati di netto rilievo ottenuti, sintetizzati dai seguenti dati:<\/p>\n\n\n\n<ul><li><strong>525<\/strong> persone arrestate per associazione di tipo mafioso;<\/li><li><strong>11<\/strong> latitanti catturati, dei quali <strong>3<\/strong> inseriti nei noti elenchi di ricerca del Ministero dell\u2019Interno. Tra questi ultimi, il super-boss <strong><u>Matteo Messina Denaro<\/u><\/strong>, del cui arresto sono stati primi protagonisti i Carabinieri del ROS, supportati da quelli dei Nuclei Investigativi dei Comandi Provinciali di Palermo e Trapani, nonch\u00e9 i super ricercati <strong><u>Pasquale Bonavota<\/u><\/strong> e <strong><u>Edgardo Greco<\/u><\/strong>, catturati, rispettivamente, dai militari del Comando Provinciale di Vibo Valentia, unitamente al ROS, e da quelli del Comando Provinciale di Cosenza. Tra i latitanti arrestati, anche <strong><u>Antonio Strangio<\/u><\/strong><span style=\"background-color: rgba(0, 0, 0, 0);\">, catturato a Bali (Indonesia) dai Carabinieri di Reggio di Calabria;<\/span><\/li><\/ul>\n\n\n\n<ul><li>il sequestro di beni mobili e immobili per un valore complessivo di <strong><u>21.909.890,8<\/u><\/strong> euro e confiscati beni pari a circa <strong><u>270.537.766,27<\/u><\/strong> di euro. <\/li><\/ul>\n\n\n\n<p>Il Vice Comandante Generale ha sottolineato come tali significativi risultati siano il frutto della diuturna, sapiente, sinergica ed infaticabile opera dei Carabinieri di Sicilia e di Calabria, ai quali il Generale ha rivolto il suo sincero plauso ed il suo pi\u00f9 vivo ed affettuoso ringraziamento, nonch\u00e9 della magistrale azione di guida e di indirizzo svolta dall\u2019Autorit\u00e0 Giudiziaria, alla quale i Carabinieri sono ontologicamente legati.<\/p>\n\n\n\n<p>Il Generale ha concluso ricordando come i Carabinieri, in questa importante ricorrenza, rinnovino solennemente l\u2019impegno assunto con il giuramento alla Repubblica e insito nella propria missione, sospinti ad agire da un comune sentire che si rinvigorisce nel ricordo di coloro che sono caduti in difesa di valori semplici, essenziali, quali il sentimento dell\u2019onore, dell\u2019umanit\u00e0 e il senso della responsabilit\u00e0 per la difesa della societ\u00e0 e dei diritti dei singoli individui.<\/p>\n\n\n\n<p>A seguire, il Comandante Interregionale, tra i militari di tutti i reparti dell\u2019Arma che operano in Sicilia ed in Calabria e che si sono distinti in servizio, ha premiato, facendo consegnare i relativi attestati ad alcune delle Autorit\u00e0 presenti: con la concessione di un Encomio Solenne del Comandante Generale dell\u2019Arma dei Carabinieri, due militari del Comando Provinciale di Agrigento; con un Encomio Solenne di Comando Interregionale, alcuni carabinieri dei Comandi Provinciali di Messina e Caltanissetta; con un Encomio Semplice Collettivo del Comandante Interregionale, i militari della Sezione Operativa della Compagnia di Roccella Ionica (RC); con un Encomio Semplice del Comandante Interregionale, altrimilitari dei Comandi Provinciali di Catanzaro, Catania, Palermo e Reggio Calabria; infine, con un Attestato di Pubblica Benemerenza al Merito Civile, due militari all\u2019epoca dell\u2019evento addetti alla Stazione di Roccalumera.<\/p>\n","protected":false},"excerpt":{"rendered":"<p>209 anni al servizio degli italiani. Questa mattina il Comando Interregionale Carabinieri \u201cCulqualber\u201d ha celebrato il 209\u00b0 anniversario della Fondazione dell\u2019Arma dei Carabinieri all\u2019interno della base della Marina Militare che ospita il Comando di Supporto Logistico Sud, quasi a voler testimoniare il forte spirito che lega la Benemerita alle altre Forze Armate e, quest\u2019oggi, in [&hellip;]<\/p>\n","protected":false},"author":8,"featured_media":158112,"comment_status":"open","ping_status":"open","sticky":false,"template":"","format":"standard","meta":{"ub_ctt_via":"","_mi_skip_tracking":false},"categories":[5],"tags":[2570,55,602],"featured_image_src":"https:\/\/www.messinaoggi.it\/website\/wp-content\/uploads\/2023\/06\/IMG-20230605-WA0005.jpg","author_info":{"display_name":"red..me","author_link":"https:\/\/www.messinaoggi.it\/website\/author\/redstage\/"},"digistream_id":0,"digistream":false,"_links":{"self":[{"href":"https:\/\/www.messinaoggi.it\/website\/wp-json\/wp\/v2\/posts\/158111"}],"collection":[{"href":"https:\/\/www.messinaoggi.it\/website\/wp-json\/wp\/v2\/posts"}],"about":[{"href":"https:\/\/www.messinaoggi.it\/website\/wp-json\/wp\/v2\/types\/post"}],"author":[{"embeddable":true,"href":"https:\/\/www.messinaoggi.it\/website\/wp-json\/wp\/v2\/users\/8"}],"replies":[{"embeddable":true,"href":"https:\/\/www.messinaoggi.it\/website\/wp-json\/wp\/v2\/comments?post=158111"}],"version-history":[{"count":1,"href":"https:\/\/www.messinaoggi.it\/website\/wp-json\/wp\/v2\/posts\/158111\/revisions"}],"predecessor-version":[{"id":158115,"href":"https:\/\/www.messinaoggi.it\/website\/wp-json\/wp\/v2\/posts\/158111\/revisions\/158115"}],"wp:featuredmedia":[{"embeddable":true,"href":"https:\/\/www.messinaoggi.it\/website\/wp-json\/wp\/v2\/media\/158112"}],"wp:attachment":[{"href":"https:\/\/www.messinaoggi.it\/website\/wp-json\/wp\/v2\/media?parent=158111"}],"wp:term":[{"taxonomy":"category","embeddable":true,"href":"https:\/\/www.messinaoggi.it\/website\/wp-json\/wp\/v2\/categories?post=158111"},{"taxonomy":"post_tag","embeddable":true,"href":"https:\/\/www.messinaoggi.it\/website\/wp-json\/wp\/v2\/tags?post=158111"}],"curies":[{"name":"wp","href":"https:\/\/api.w.org\/{rel}","templated":true}]}}