{"id":158106,"date":"2023-06-05T13:07:52","date_gmt":"2023-06-05T11:07:52","guid":{"rendered":"https:\/\/www.messinaoggi.it\/website\/2023\/06\/05\/fondimpresa-a-padova-la-formazione-continua-fa-rima-con-sostenibilita\/"},"modified":"2023-06-05T13:07:52","modified_gmt":"2023-06-05T11:07:52","slug":"fondimpresa-a-padova-la-formazione-continua-fa-rima-con-sostenibilita","status":"publish","type":"post","link":"https:\/\/www.messinaoggi.it\/website\/2023\/06\/05\/fondimpresa-a-padova-la-formazione-continua-fa-rima-con-sostenibilita\/","title":{"rendered":"Fondimpresa, a Padova la formazione continua fa rima con sostenibilit\u00e0"},"content":{"rendered":"<div>ROMA (ITALPRESS) &#8211; Apprendere come utilizzare i nuovi impianti produttivi con uno sguardo attento alla tematica della sostenibilit\u00e0. Sono i temi che hanno caratterizzato il corso di formazione continua per i lavoratori della Celenit, azienda padovana produttrice di pannelli isolanti. Celenit aderisce a Fondimpresa, associazione senza scopo di lucro costituita da Confindustria, Cgil, Cisl e Uil, che promuove la formazione professionale continua. &#8220;Le nuove scelte tecnologiche nei nostri impianti produttivi si sposano con la scelta di efficientamento ambientale della nostra produzione &#8211; afferma Giulia Svegliado, presidente e Ad Celenit Spa -. Chiaramente impianti all&#8217;avanguardia permettono di risparmiare in termini di materie prime e utilizzo di energia. I nostri collaboratori sono stati accompagnati da un grosso sforzo aziendale di formazione nell&#8217;apprendere l&#8217;utilizzo dei nuovi impianti produttivi. In particolare, abbiamo inserito un nuovo mescolatore che ci ha permesso di ridurre la quantit\u00e0 degli scarti di produzione, quindi anche con un approccio sostenibile in quanto produciamo meno scarti, e miglioramento della qualit\u00e0; poi questo processo formativo, ha toccato un p\u00f2 tutti gli aspetti aziendali: dalla gestione dei rifiuti alla gestione opportuna degli impianti industriali, quindi con un consumo energetico controllato&#8221;.  Celenit ha fatto del rispetto dell&#8217;ambiente la propria mission. Il corso \u00e8 stato realizzato in collaborazione con l&#8217;Universit\u00e0 di Padova. &#8220;Lo staff tecnico e marketing di Celenit ha affrontato questo percorso di formazione con la volont\u00e0 di ampliare i propri orizzonti e approfondire la tematica della sostenibilit\u00e0 dal punto di vista della valutazione dell&#8217;intero ciclo di vita del prodotto &#8211;  sottolinea Alessia Mora, responsabile dell&#8217;ufficio tecnico -. Tema molto caro ai progettisti con i quali dialoghiamo e che, grazie all&#8217;intervento e alla collaborazione con l&#8217;Universit\u00e0 di Padova, ci ha consentito di lavorare sul tema del recupero, riuso di scarti e fine vita del prodotto per poter avere una nuova tematica da inserire all&#8217;interno della policy aziendale e della carta dei valori, documenti utilissimi per ottenere il rating EcoVadis gold che abbiamo ottenuto recentemente grazie all&#8217;attenzione dell&#8217;azienda per la responsabilit\u00e0 sociale e di impresa&#8221;.<div id=\"div-gpt-ad-Messinaoggi.it-DSK-300x250-corpoart\" style=\"text-align:center;margin:0 auto;\"><\/div><\/p>\n<p>&#8211; foto Italpress &#8211;<br \/>(ITALPRESS).<\/div>\n<div id=\"videoincontent\" style=\"clear:both\";><\/div>","protected":false},"excerpt":{"rendered":"<p>ROMA (ITALPRESS) &#8211; Apprendere come utilizzare i nuovi impianti produttivi con uno sguardo attento alla tematica della sostenibilit\u00e0. Sono i temi che hanno caratterizzato il corso di formazione continua per i lavoratori della Celenit, azienda padovana produttrice di pannelli isolanti. Celenit aderisce a Fondimpresa, associazione senza scopo di lucro costituita da Confindustria, Cgil, Cisl e [&hellip;]<\/p>\n","protected":false},"author":18,"featured_media":158107,"comment_status":"closed","ping_status":"closed","sticky":false,"template":"","format":"standard","meta":{"ub_ctt_via":"","_mi_skip_tracking":false},"categories":[446],"tags":[783],"featured_image_src":"https:\/\/www.messinaoggi.it\/website\/wp-content\/uploads\/2023\/06\/20230605_0494.jpg","author_info":{"display_name":"Admin","author_link":"https:\/\/www.messinaoggi.it\/website\/author\/admin\/"},"digistream_id":0,"digistream":false,"_links":{"self":[{"href":"https:\/\/www.messinaoggi.it\/website\/wp-json\/wp\/v2\/posts\/158106"}],"collection":[{"href":"https:\/\/www.messinaoggi.it\/website\/wp-json\/wp\/v2\/posts"}],"about":[{"href":"https:\/\/www.messinaoggi.it\/website\/wp-json\/wp\/v2\/types\/post"}],"author":[{"embeddable":true,"href":"https:\/\/www.messinaoggi.it\/website\/wp-json\/wp\/v2\/users\/18"}],"replies":[{"embeddable":true,"href":"https:\/\/www.messinaoggi.it\/website\/wp-json\/wp\/v2\/comments?post=158106"}],"version-history":[{"count":0,"href":"https:\/\/www.messinaoggi.it\/website\/wp-json\/wp\/v2\/posts\/158106\/revisions"}],"wp:featuredmedia":[{"embeddable":true,"href":"https:\/\/www.messinaoggi.it\/website\/wp-json\/wp\/v2\/media\/158107"}],"wp:attachment":[{"href":"https:\/\/www.messinaoggi.it\/website\/wp-json\/wp\/v2\/media?parent=158106"}],"wp:term":[{"taxonomy":"category","embeddable":true,"href":"https:\/\/www.messinaoggi.it\/website\/wp-json\/wp\/v2\/categories?post=158106"},{"taxonomy":"post_tag","embeddable":true,"href":"https:\/\/www.messinaoggi.it\/website\/wp-json\/wp\/v2\/tags?post=158106"}],"curies":[{"name":"wp","href":"https:\/\/api.w.org\/{rel}","templated":true}]}}