{"id":158088,"date":"2023-06-05T12:03:23","date_gmt":"2023-06-05T10:03:23","guid":{"rendered":"http:\/\/www.messinaoggi.it\/website\/?p=158088"},"modified":"2023-06-05T12:03:28","modified_gmt":"2023-06-05T10:03:28","slug":"scaramuzzino-su-parcheggi-in-via-adolfo-celi","status":"publish","type":"post","link":"https:\/\/www.messinaoggi.it\/website\/2023\/06\/05\/scaramuzzino-su-parcheggi-in-via-adolfo-celi\/","title":{"rendered":"Scaramuzzino su parcheggi in Via Adolfo Celi"},"content":{"rendered":"\n<p>&#8220;Ascoltando e leggendo i consensi su una prima allocazione delle strisce per i parcheggi nella Via Adolfo Celi e poi i dissensi per la seguente cancellazione vorrei precisare che l\u2019ordinanza n. 1366 del 17.12.2022 del Dipartimento Servizi Territoriali e Urbanistici del Comune di Messina nella sua interezza allega le planimetrie delle aree adibite a parcheggio.<div id=\"div-gpt-ad-Messinaoggi.it-DSK-300x250-corpoart\" style=\"text-align:center;margin:0 auto;\"><\/div><\/p>\n\n\n\n<p>Ogni contratto di appalto \u00e8 corredato da clausole che prevedono tutto ci\u00f2 che \u00e8 inerente l\u2019appalto in essere, anche eventuali errori delle ditte affidatarie che non ricadono sui \u201ccittadini\u201d, come invece alcuni vogliono fare credere.<div id=\"videoincontent\" style=\"clear:both\";><\/div><\/p>\n\n\n\n<p>Bisogna solo documentarsi e studiare le carte nella sua interezza!<\/p>\n\n\n\n<p>Non bisogna dimenticare che se invece di essere una Via fosse ancora denominata Strada Statale questo passo avanti nella creazione dei parcheggi non ci sarebbe stato. E\u2019 grazie all\u2019impegno ed allo studio dell\u2019Amministrazione che questo passo in avanti si \u00e8 avuto, cercando di venire incontro alle necessit\u00e0 di quei cittadini che non hanno parcheggi privati nei condomini di abitazione.<\/p>\n\n\n\n<p>Non facciamo polemiche inutili se non si hanno le dovute certezze!<\/p>\n\n\n\n<p>Andiamo avanti, senza se e senza ma!&#8221;<\/p>\n\n\n\n<p>A dirlo \u00e8 la consigliera della II Municipalit\u00e0 <strong>Antonina Scaramuzzino<\/strong> di &#8220;Stracuzzi Presidente Basile Sindaco&#8221;. <\/p>\n","protected":false},"excerpt":{"rendered":"<p>&#8220;Ascoltando e leggendo i consensi su una prima allocazione delle strisce per i parcheggi nella Via Adolfo Celi e poi i dissensi per la seguente cancellazione vorrei precisare che l\u2019ordinanza n. 1366 del 17.12.2022 del Dipartimento Servizi Territoriali e Urbanistici del Comune di Messina nella sua interezza allega le planimetrie delle aree adibite a parcheggio. [&hellip;]<\/p>\n","protected":false},"author":15,"featured_media":158089,"comment_status":"open","ping_status":"open","sticky":false,"template":"","format":"standard","meta":{"ub_ctt_via":"","_mi_skip_tracking":false},"categories":[1],"tags":[8026,621,3345,7979],"featured_image_src":"https:\/\/www.messinaoggi.it\/website\/wp-content\/uploads\/2023\/06\/Antonina-Scaramuzzino-e1685959389162.jpeg","author_info":{"display_name":"red.me","author_link":"https:\/\/www.messinaoggi.it\/website\/author\/red-me\/"},"digistream_id":0,"digistream":false,"_links":{"self":[{"href":"https:\/\/www.messinaoggi.it\/website\/wp-json\/wp\/v2\/posts\/158088"}],"collection":[{"href":"https:\/\/www.messinaoggi.it\/website\/wp-json\/wp\/v2\/posts"}],"about":[{"href":"https:\/\/www.messinaoggi.it\/website\/wp-json\/wp\/v2\/types\/post"}],"author":[{"embeddable":true,"href":"https:\/\/www.messinaoggi.it\/website\/wp-json\/wp\/v2\/users\/15"}],"replies":[{"embeddable":true,"href":"https:\/\/www.messinaoggi.it\/website\/wp-json\/wp\/v2\/comments?post=158088"}],"version-history":[{"count":1,"href":"https:\/\/www.messinaoggi.it\/website\/wp-json\/wp\/v2\/posts\/158088\/revisions"}],"predecessor-version":[{"id":158091,"href":"https:\/\/www.messinaoggi.it\/website\/wp-json\/wp\/v2\/posts\/158088\/revisions\/158091"}],"wp:featuredmedia":[{"embeddable":true,"href":"https:\/\/www.messinaoggi.it\/website\/wp-json\/wp\/v2\/media\/158089"}],"wp:attachment":[{"href":"https:\/\/www.messinaoggi.it\/website\/wp-json\/wp\/v2\/media?parent=158088"}],"wp:term":[{"taxonomy":"category","embeddable":true,"href":"https:\/\/www.messinaoggi.it\/website\/wp-json\/wp\/v2\/categories?post=158088"},{"taxonomy":"post_tag","embeddable":true,"href":"https:\/\/www.messinaoggi.it\/website\/wp-json\/wp\/v2\/tags?post=158088"}],"curies":[{"name":"wp","href":"https:\/\/api.w.org\/{rel}","templated":true}]}}