{"id":15808,"date":"2018-02-17T15:35:05","date_gmt":"2018-02-17T14:35:05","guid":{"rendered":"http:\/\/www.messinaoggi.it\/website\/?p=15808"},"modified":"2018-02-17T15:35:05","modified_gmt":"2018-02-17T14:35:05","slug":"il-libro-di-limosani-al-centro-di-un-dibattito-alla-cisl","status":"publish","type":"post","link":"https:\/\/www.messinaoggi.it\/website\/2018\/02\/17\/il-libro-di-limosani-al-centro-di-un-dibattito-alla-cisl\/","title":{"rendered":"Il libro di Limosani al centro di un dibattito alla Cisl"},"content":{"rendered":"<p class=\"p1\"><span class=\"s1\">Le riflessioni contenute dal libro di Michele Limosani, \u201cLa citt\u00e0 a un passo da noi\u201d, sono state al centro di un incontri promosso dal gruppo dirigente della Cisl Messina, alla presenza del segretario generale regionale Mimmo Milazzo e del segretario generale Tonino Genovese per approfondire i temi legati allo sviluppo e alla necessit\u00e0 di un nuovo modello che sia coerente con la vocazione del territorio.<\/span><div id=\"div-gpt-ad-Messinaoggi.it-DSK-300x250-corpoart\" style=\"text-align:center;margin:0 auto;\"><\/div><\/p>\n<p class=\"p1\"><span class=\"s1\">\u00c8 stato il professore Limosani ad alimentare il dibattito ricordando come la mobilit\u00e0 debba essere una delle priorit\u00e0 dell\u2019intero territorio provinciale \u00abI flussi della mobilit\u00e0 dovrebbe fare riflettere \u2013 ha detto &#8211; tra Messina, Milazzo e Furci Siculo si registra una media di 80mila spostamenti quotidiani, quindi 18\/20mila tra Villa San Giovanni e Reggio Calabria. \u00c8 un aspetto che non pu\u00f2 essere sottovalutato. Messina \u00e8 la cerniera tra Sicilia e Calabria, \u00e8 la storia a dirlo e bisogna trasmetterlo nella realt\u00e0 sfruttando le potenzialit\u00e0 di questa posizione\u00bb.<\/span><div id=\"videoincontent\" style=\"clear:both\";><\/div><\/p>\n<p class=\"p1\"><span class=\"s1\">Quindi il tema del lavoro, \u00abda riportare al centro in un territorio dove si muore di non lavoro\u00bb, cogliendo le opportunit\u00e0 che gli strumenti normativi danno. A cominciare dalle Zone Economiche Speciali.<\/span><\/p>\n<p class=\"p1\"><span class=\"s1\">\u00abZes significa lavoro, condizioni di notevole vantaggio per gli imprenditori e Messina non pu\u00f2 rimanere fuori dal riconoscimento di Zes. Oggi \u00e8 la Regione Sicilia chiamata a definire la perimetrazione delle Zes e bisogna che tutti coloro che hanno un ruolo in questa citt\u00e0 tengano la guardia alta e svolgano una funzione di stimolo e sollecito\u00bb.<\/span><\/p>\n<p class=\"p1\"><span class=\"s1\">Assist sulla Zes raccolto dal segretario generale della Cisl Sicilia Mimmo Milazzo e dal segretario generale della Cisl Messina Tonino Genovese che hanno evidenziato come gi\u00e0 in Sicilia siano state definite due Zes \u00abma non ci bastano. Abbiamo spinto per la formalizzazione delle Zes interregionali e c\u2019\u00e8 questo spiraglio che Messina deve saper cogliere. Il legislatore ha gi\u00e0 immaginato questo uno snodo e crocevia interregionale, all\u2019atto della costituzione dell\u2019area metropolitana dello stretto e si dovrebbe pensare a una Zes \u201cautomatica\u201d per le citt\u00e0 metropolitane che hanno al loro interno un sistema portuale\u00bb.<\/span><\/p>\n<p class=\"p1\"><span class=\"s1\">Mimmo Milazzo e Tonino Genovese, quindi, hanno passato la palla al Presidente della Regione Musumeci. \u00abLa Conferenza Stato-Regioni ha esitato l\u2019atto che necessita solo del controllo della Corte dei Conti. Le regioni devono definire il perimetro delle Zone Economiche Speciali e secondo noi non \u00e8 importante soltanto il porto ma anche il retroporto e il sistema di gestione delle merci. La Zes definisce vantaggi fiscali ma vuole anche procedure snelle. Palermo e Catania hanno definito il loro assetto, Messina vive nel limbo e bisogna stare attenti. Bisogna intanto pensare a un Piano strategico della citt\u00e0 metropolitana, individuando le peculiarit\u00e0 del territorio per creare ricchezza e sviluppo. Qui siamo dieci anni in ritardo e dobbiamo recuperare il terreno perduto\u00bb.<\/span><\/p>\n","protected":false},"excerpt":{"rendered":"<p>Le riflessioni contenute dal libro di Michele Limosani, \u201cLa citt\u00e0 a un passo da noi\u201d, sono state al centro di un incontri promosso dal gruppo dirigente della Cisl Messina, alla presenza del segretario generale regionale Mimmo Milazzo e del segretario generale Tonino Genovese per approfondire i temi legati allo sviluppo e alla necessit\u00e0 di un [&hellip;]<\/p>\n","protected":false},"author":2,"featured_media":15809,"comment_status":"closed","ping_status":"open","sticky":false,"template":"","format":"standard","meta":{"ub_ctt_via":"","_mi_skip_tracking":false},"categories":[11],"tags":[],"featured_image_src":"https:\/\/www.messinaoggi.it\/website\/wp-content\/uploads\/2018\/02\/Unknown-1-1.jpeg","author_info":{"display_name":"Redazione","author_link":"https:\/\/www.messinaoggi.it\/website\/author\/redazione\/"},"digistream_id":0,"digistream":false,"_links":{"self":[{"href":"https:\/\/www.messinaoggi.it\/website\/wp-json\/wp\/v2\/posts\/15808"}],"collection":[{"href":"https:\/\/www.messinaoggi.it\/website\/wp-json\/wp\/v2\/posts"}],"about":[{"href":"https:\/\/www.messinaoggi.it\/website\/wp-json\/wp\/v2\/types\/post"}],"author":[{"embeddable":true,"href":"https:\/\/www.messinaoggi.it\/website\/wp-json\/wp\/v2\/users\/2"}],"replies":[{"embeddable":true,"href":"https:\/\/www.messinaoggi.it\/website\/wp-json\/wp\/v2\/comments?post=15808"}],"version-history":[{"count":0,"href":"https:\/\/www.messinaoggi.it\/website\/wp-json\/wp\/v2\/posts\/15808\/revisions"}],"wp:featuredmedia":[{"embeddable":true,"href":"https:\/\/www.messinaoggi.it\/website\/wp-json\/wp\/v2\/media\/15809"}],"wp:attachment":[{"href":"https:\/\/www.messinaoggi.it\/website\/wp-json\/wp\/v2\/media?parent=15808"}],"wp:term":[{"taxonomy":"category","embeddable":true,"href":"https:\/\/www.messinaoggi.it\/website\/wp-json\/wp\/v2\/categories?post=15808"},{"taxonomy":"post_tag","embeddable":true,"href":"https:\/\/www.messinaoggi.it\/website\/wp-json\/wp\/v2\/tags?post=15808"}],"curies":[{"name":"wp","href":"https:\/\/api.w.org\/{rel}","templated":true}]}}